{"id":11662,"date":"2023-01-13T17:45:18","date_gmt":"2023-01-13T22:45:18","guid":{"rendered":"https:\/\/podernacional.com\/?p=11662"},"modified":"2023-01-13T22:45:20","modified_gmt":"2023-01-13T22:45:20","slug":"vuelve-el-17-festival-de-teatro-verano-de-valparaiso-festeve","status":"publish","type":"post","link":"https:\/\/podernacional.com\/?p=11662","title":{"rendered":"Vuelve el 17\u00b0 Festival de Teatro Verano de Valpara\u00edso-FESTEVE"},"content":{"rendered":"<h4>Tras dos a\u00f1os de pandemia, vuelve de manera presencial el Festival de Teatro Verano de Valpara\u00edso.<\/h4>\n<p>Festival de Teatro Verano: La versi\u00f3n n\u00famero 17 de FESTEVE se proyecta y enlaza desde una relaci\u00f3n de colaboraci\u00f3n y asociatividad.<\/p>\n<p>Esto\u00a0con diferentes espacios de difusi\u00f3n art\u00edstica local, con el fin de nutrir no solo la oferta cultural.<\/p>\n<p>Sino tambi\u00e9n, el circuito de difusi\u00f3n art\u00edstica, como factor esencial fortalecer la sostenibilidad de la escena local.<\/p>\n<p>Las obras teatrales se presentar\u00e1n en tres espacios distintos (Teatro Municipal de Valpara\u00edso, las salas del IPA y de Valpara\u00edso Profundo).<\/p>\n<p>As\u00ed como\u00a0con destacados montajes que dar\u00e1n vida a la d\u00e9cimo s\u00e9ptima versi\u00f3n del encuentro.<\/p>\n<p>El evento festival partir\u00e1 el lunes 16 y el martes 17 de enero en el Teatro Municipal de Valpara\u00edso.<\/p>\n<p>Al igual que\u00a0el mi\u00e9rcoles 18 en la sala de teatro IPA.<\/p>\n<p>Adem\u00e1s del jueves 19 finaliza en la sala de teatro Arnaldo Berrios del espacio Valpara\u00edso Profundo.<\/p>\n<h4>Las obras<\/h4>\n<p>El programa comienza el lunes 16 de enero a las 19:00 hrs. con la presentaci\u00f3n de la obra Familiar \u201cPeter Pan\u201d.<\/p>\n<p>Esto\u00a0para adentrarse en un mundo m\u00e1gico lleno de aventuras. Para los mayores es revivir aquellos d\u00edas en que cre\u00edamos en las hadas.<\/p>\n<p>Adem\u00e1s de que\u00a0vol\u00e1bamos cada d\u00eda a nuestra propia Isla de Nunca Jam\u00e1s, para los m\u00e1s peques es una experiencia m\u00e1gica.<\/p>\n<p>El martes 17 de enero, es el turno de la reciente obra estrenada \u201cSue\u00f1o de una noche de verano\u201d cl\u00e1sico de William Shakespeare.<\/p>\n<p>Ya\u00a0que, sin duda alguna, esta obra atrapar\u00e1 al p\u00fablico desde principio a fin, ante el enredo sentimental de sus protagonistas.<\/p>\n<p>As\u00ed como de\u00a0los cuales son hechizados por orden del rey Ober\u00f3n a trav\u00e9s de una flor m\u00e1gica.<\/p>\n<p>Los hechos suceden durante los preparativos de la boda real entre la reina de las Amazonas, Hip\u00f3lita y el duque de Atenas, Teseo.<\/p>\n<p>El ingreso es por orden de llegada y las presentaciones se realizar\u00e1n puntualmente a las 19:00 horas.<\/p>\n<p>Ambas obras ser\u00e1n realizadas en Teatro Municipal de Valpara\u00edso, Uruguay 410.<\/p>\n<p>Para el mi\u00e9rcoles 18, la obra \u201cSin motivo aparente\u201d del destacado dramaturgo chileno Juan Radrig\u00e1n.<\/p>\n<p>El cual relata como Pedro vuelve al lugar de los hechos en total arrepentimiento para justificarse ante su v\u00edctima.<\/p>\n<p>Una puesta en escena m\u00e1gica, sutil, llena de matices, cuenta con una creaci\u00f3n musical propia y con m\u00fasicos en vivo.<\/p>\n<p>\u2013 Sala Teatro IPA, de calle Condell #1349, Valpara\u00edso.<\/p>\n<p>\u2013 Cupos Limitados y reservas al correo: reservasteatrovalpo@gmail.com<\/p>\n","protected":false},"excerpt":{"rendered":"<p>Tras dos a\u00f1os de pandemia, vuelve de manera presencial el Festival de Teatro Verano de Valpara\u00edso. Festival de Teatro Verano: La versi\u00f3n n\u00famero 17 de FESTEVE se proyecta y enlaza desde una relaci\u00f3n de colaboraci\u00f3n y asociatividad. Esto\u00a0con diferentes espacios de difusi\u00f3n art\u00edstica local, con el fin de nutrir no solo la oferta cultural. Sino [&hellip;]<\/p>\n","protected":false},"author":1,"featured_media":11664,"comment_status":"open","ping_status":"closed","sticky":false,"template":"","format":"standard","meta":{"footnotes":""},"categories":[4],"tags":[],"class_list":["post-11662","post","type-post","status-publish","format-standard","has-post-thumbnail","hentry","category-espectaculos"],"_links":{"self":[{"href":"https:\/\/podernacional.com\/index.php?rest_route=\/wp\/v2\/posts\/11662","targetHints":{"allow":["GET"]}}],"collection":[{"href":"https:\/\/podernacional.com\/index.php?rest_route=\/wp\/v2\/posts"}],"about":[{"href":"https:\/\/podernacional.com\/index.php?rest_route=\/wp\/v2\/types\/post"}],"author":[{"embeddable":true,"href":"https:\/\/podernacional.com\/index.php?rest_route=\/wp\/v2\/users\/1"}],"replies":[{"embeddable":true,"href":"https:\/\/podernacional.com\/index.php?rest_route=%2Fwp%2Fv2%2Fcomments&post=11662"}],"version-history":[{"count":1,"href":"https:\/\/podernacional.com\/index.php?rest_route=\/wp\/v2\/posts\/11662\/revisions"}],"predecessor-version":[{"id":11663,"href":"https:\/\/podernacional.com\/index.php?rest_route=\/wp\/v2\/posts\/11662\/revisions\/11663"}],"wp:featuredmedia":[{"embeddable":true,"href":"https:\/\/podernacional.com\/index.php?rest_route=\/wp\/v2\/media\/11664"}],"wp:attachment":[{"href":"https:\/\/podernacional.com\/index.php?rest_route=%2Fwp%2Fv2%2Fmedia&parent=11662"}],"wp:term":[{"taxonomy":"category","embeddable":true,"href":"https:\/\/podernacional.com\/index.php?rest_route=%2Fwp%2Fv2%2Fcategories&post=11662"},{"taxonomy":"post_tag","embeddable":true,"href":"https:\/\/podernacional.com\/index.php?rest_route=%2Fwp%2Fv2%2Ftags&post=11662"}],"curies":[{"name":"wp","href":"https:\/\/api.w.org\/{rel}","templated":true}]}}