{"id":11665,"date":"2023-01-13T17:51:25","date_gmt":"2023-01-13T22:51:25","guid":{"rendered":"https:\/\/podernacional.com\/?p=11665"},"modified":"2023-01-13T22:51:27","modified_gmt":"2023-01-13T22:51:27","slug":"juegos-nacionales-tendra-cantidad-record-de-deportes-paralimpicos","status":"publish","type":"post","link":"https:\/\/podernacional.com\/?p=11665","title":{"rendered":"Juegos Nacionales tendr\u00e1 cantidad r\u00e9cord de deportes paral\u00edmpicos"},"content":{"rendered":"<h4>Con un total de 29 disciplinas oficiales; 23 convencionales y seis deportes paral\u00edmpicos.<\/h4>\n<p><a href=\"https:\/\/whatsappmexico.com\/?p=11513\">Juegos<\/a> Nacionales: As\u00ed como de la etapa final de los XL Juegos Deportivos Nacionales Icoder 2022 \u2013 2023 se celebrar\u00e1 del 18 de enero al 1 de febrero.<\/p>\n<p>Estos\u00a0pr\u00f3ximos en Alajuela, Palmares, Grecia, San Ram\u00f3n, Naranjo y San Carlos.<\/p>\n<p>As\u00ed lo anunci\u00f3 el Instituto Costarricense del Deporte y la Recreaci\u00f3n (Icoder) este jueves 12 de enero durante una conferencia de prensa.<\/p>\n<p>La cual fue\u00a0celebrada en el Estadio Nacional, en la que se oficializ\u00f3, adem\u00e1s, que el doble medallista paral\u00edmpico de Tokio 2020.<\/p>\n<p>As\u00ed como de Sherman Guity Guity, ser\u00e1 el dedicado de las justas.<\/p>\n<p>La fiesta del deporte vuelve, donde todo comenz\u00f3, hace 46 a\u00f1os, con un modelo robustecido y m\u00e1s inclusivo.<\/p>\n<p>Esto en el que a las disciplinas tradicionales del evento se le incorporan m\u00e1s deportes para personas con discapacidad.<\/p>\n<p>Las disciplinas para personas con discapacidad son: bochas, para tenis de mesas, paraatletismo, tenis en silla de ruedas, paranataci\u00f3n y baloncesto en silla de ruedas.<\/p>\n<h4>En la edici\u00f3n 2021-2022 de los Juegos Deportivos Nacionales, se incorporaron por primera vez los deportes adaptados.<\/h4>\n<p>En dichas justas se innov\u00f3 con el tenis en silla de ruedas y el tenis de mesa adaptado.<\/p>\n<p>Ya que\u00a0este a\u00f1o son seis las disciplinas que tendr\u00e1 participaci\u00f3n.<\/p>\n<p>A la cita acudir\u00e1n 5.143 atletas debidamente clasificados; 2.384 mujeres y 2.759 hombres.<\/p>\n<p>Esto\u00a0en representaci\u00f3n de 76 comit\u00e9s cantonales de deportes y recreaci\u00f3n y tres consejos municipales de distrito.<\/p>\n<p>El acto inaugural tendr\u00e1 lugar el mi\u00e9rcoles 18 de enero a las 5 p.m. en el estadio Rafael Bola\u00f1os de El Coyol de Alajuela.<\/p>\n<p>As\u00ed como\u00a0al d\u00eda siguiente comenzar\u00e1n las competencias.<\/p>\n","protected":false},"excerpt":{"rendered":"<p>Con un total de 29 disciplinas oficiales; 23 convencionales y seis deportes paral\u00edmpicos. Juegos Nacionales: As\u00ed como de la etapa final de los XL Juegos Deportivos Nacionales Icoder 2022 \u2013 2023 se celebrar\u00e1 del 18 de enero al 1 de febrero. Estos\u00a0pr\u00f3ximos en Alajuela, Palmares, Grecia, San Ram\u00f3n, Naranjo y San Carlos. As\u00ed lo anunci\u00f3 [&hellip;]<\/p>\n","protected":false},"author":1,"featured_media":11667,"comment_status":"open","ping_status":"closed","sticky":false,"template":"","format":"standard","meta":{"footnotes":""},"categories":[3],"tags":[],"class_list":["post-11665","post","type-post","status-publish","format-standard","has-post-thumbnail","hentry","category-deportes"],"_links":{"self":[{"href":"https:\/\/podernacional.com\/index.php?rest_route=\/wp\/v2\/posts\/11665","targetHints":{"allow":["GET"]}}],"collection":[{"href":"https:\/\/podernacional.com\/index.php?rest_route=\/wp\/v2\/posts"}],"about":[{"href":"https:\/\/podernacional.com\/index.php?rest_route=\/wp\/v2\/types\/post"}],"author":[{"embeddable":true,"href":"https:\/\/podernacional.com\/index.php?rest_route=\/wp\/v2\/users\/1"}],"replies":[{"embeddable":true,"href":"https:\/\/podernacional.com\/index.php?rest_route=%2Fwp%2Fv2%2Fcomments&post=11665"}],"version-history":[{"count":1,"href":"https:\/\/podernacional.com\/index.php?rest_route=\/wp\/v2\/posts\/11665\/revisions"}],"predecessor-version":[{"id":11666,"href":"https:\/\/podernacional.com\/index.php?rest_route=\/wp\/v2\/posts\/11665\/revisions\/11666"}],"wp:featuredmedia":[{"embeddable":true,"href":"https:\/\/podernacional.com\/index.php?rest_route=\/wp\/v2\/media\/11667"}],"wp:attachment":[{"href":"https:\/\/podernacional.com\/index.php?rest_route=%2Fwp%2Fv2%2Fmedia&parent=11665"}],"wp:term":[{"taxonomy":"category","embeddable":true,"href":"https:\/\/podernacional.com\/index.php?rest_route=%2Fwp%2Fv2%2Fcategories&post=11665"},{"taxonomy":"post_tag","embeddable":true,"href":"https:\/\/podernacional.com\/index.php?rest_route=%2Fwp%2Fv2%2Ftags&post=11665"}],"curies":[{"name":"wp","href":"https:\/\/api.w.org\/{rel}","templated":true}]}}