{"id":11668,"date":"2023-01-13T18:09:05","date_gmt":"2023-01-13T23:09:05","guid":{"rendered":"https:\/\/podernacional.com\/?p=11668"},"modified":"2023-01-13T23:09:07","modified_gmt":"2023-01-13T23:09:07","slug":"guatemala-como-destino-de-inversiones-en-agenda-de-gira-internacional","status":"publish","type":"post","link":"https:\/\/podernacional.com\/?p=11668","title":{"rendered":"Guatemala como destino de inversiones en agenda de gira internacional"},"content":{"rendered":"<h4>Ciudad de Guatemala, 12 ene (Prensa Latina) Autoridades del Ministerio de Econom\u00eda (Mineco) de Guatemala.<\/h4>\n<p><a href=\"https:\/\/whatsappmexico.com\/?p=11516\">Destino<\/a> de inversiones: El cual anunciaron hoy una gira internacional a partir de la pr\u00f3xima semana para atraer inversiones.<\/p>\n<p>Janio Rosales, titular de la Cartera\u00a0la cual\u00a0precis\u00f3 que la primera parada ser\u00e1 el Foro Econ\u00f3mico Mundial.<\/p>\n<p>Lugar\u00a0donde promover\u00e1n reuniones con empresarios e inversionistas globales.<\/p>\n<p>Otra oportunidad para posicionar a Guatemala ser\u00e1 durante una gira de trabajo por Madrid, Espa\u00f1a, desde el 19 de este mes.<\/p>\n<p>All\u00ed atenderemos a posibles interesados en aprovechar las bondades econ\u00f3micas de la naci\u00f3n centroamericana.<\/p>\n<p>Esto ante presidentes de c\u00e1maras empresariales y representantes de m\u00e1s de 90 empresas.<\/p>\n<h4>El escenario ser\u00e1 la primera feria internacional de turismo de este a\u00f1o y la m\u00e1s importante del sector, Fitur.<\/h4>\n<p>En la cual se presentar\u00e1 a Guatemala como pa\u00eds socio.<\/p>\n<p>Posteriormente, habr\u00e1 una gira de trabajo por M\u00e9xico, Rep\u00fablica Dominicana, Turqu\u00eda, India y Arabia Saudita con el mismo objetivo, precis\u00f3 Rosales.<\/p>\n<p>Es una agenda muy fuerte de trabajo y estamos seguros de que trazaremos las bases para mantener a Guatemala.<\/p>\n<p>La cual\u00a0se mantenga como el lugar ideal para la inversi\u00f3n, destac\u00f3.<\/p>\n<p>Este periplo internacional representa para el Mineco un nuevo compromiso para generar iniciativas p\u00fablicas.<\/p>\n<p>Esto\u00a0en funci\u00f3n de una mayor competitividad y clima de negocios, indic\u00f3 el funcionario en declaraciones a la prensa local.<\/p>\n<p>Guatemala como destino de inversiones en agenda de gira internacional<\/p>\n","protected":false},"excerpt":{"rendered":"<p>Ciudad de Guatemala, 12 ene (Prensa Latina) Autoridades del Ministerio de Econom\u00eda (Mineco) de Guatemala. Destino de inversiones: El cual anunciaron hoy una gira internacional a partir de la pr\u00f3xima semana para atraer inversiones. Janio Rosales, titular de la Cartera\u00a0la cual\u00a0precis\u00f3 que la primera parada ser\u00e1 el Foro Econ\u00f3mico Mundial. Lugar\u00a0donde promover\u00e1n reuniones con empresarios [&hellip;]<\/p>\n","protected":false},"author":1,"featured_media":11670,"comment_status":"open","ping_status":"closed","sticky":false,"template":"","format":"standard","meta":{"footnotes":""},"categories":[5],"tags":[],"class_list":["post-11668","post","type-post","status-publish","format-standard","has-post-thumbnail","hentry","category-internacional"],"_links":{"self":[{"href":"https:\/\/podernacional.com\/index.php?rest_route=\/wp\/v2\/posts\/11668","targetHints":{"allow":["GET"]}}],"collection":[{"href":"https:\/\/podernacional.com\/index.php?rest_route=\/wp\/v2\/posts"}],"about":[{"href":"https:\/\/podernacional.com\/index.php?rest_route=\/wp\/v2\/types\/post"}],"author":[{"embeddable":true,"href":"https:\/\/podernacional.com\/index.php?rest_route=\/wp\/v2\/users\/1"}],"replies":[{"embeddable":true,"href":"https:\/\/podernacional.com\/index.php?rest_route=%2Fwp%2Fv2%2Fcomments&post=11668"}],"version-history":[{"count":1,"href":"https:\/\/podernacional.com\/index.php?rest_route=\/wp\/v2\/posts\/11668\/revisions"}],"predecessor-version":[{"id":11669,"href":"https:\/\/podernacional.com\/index.php?rest_route=\/wp\/v2\/posts\/11668\/revisions\/11669"}],"wp:featuredmedia":[{"embeddable":true,"href":"https:\/\/podernacional.com\/index.php?rest_route=\/wp\/v2\/media\/11670"}],"wp:attachment":[{"href":"https:\/\/podernacional.com\/index.php?rest_route=%2Fwp%2Fv2%2Fmedia&parent=11668"}],"wp:term":[{"taxonomy":"category","embeddable":true,"href":"https:\/\/podernacional.com\/index.php?rest_route=%2Fwp%2Fv2%2Fcategories&post=11668"},{"taxonomy":"post_tag","embeddable":true,"href":"https:\/\/podernacional.com\/index.php?rest_route=%2Fwp%2Fv2%2Ftags&post=11668"}],"curies":[{"name":"wp","href":"https:\/\/api.w.org\/{rel}","templated":true}]}}