{"id":11674,"date":"2023-01-13T19:18:43","date_gmt":"2023-01-14T00:18:43","guid":{"rendered":"https:\/\/podernacional.com\/?p=11674"},"modified":"2023-01-14T00:18:45","modified_gmt":"2023-01-14T00:18:45","slug":"loreal-mezcla-tecnologia-con-maquillaje-para-ayudar-a-personas-con-movilidad-limitada","status":"publish","type":"post","link":"https:\/\/podernacional.com\/?p=11674","title":{"rendered":"L\u2019Or\u00e9al mezcla tecnolog\u00eda con maquillaje para ayudar a personas con movilidad limitada"},"content":{"rendered":"<h4>Lo \u00faltimo en tecnolog\u00eda de belleza es una impresora de cejas que utiliza la Realidad Aumentada.<\/h4>\n<p><a href=\"https:\/\/whatsappmexico.com\/?p=11522\">L\u2019Or\u00e9al<\/a>: As\u00ed como de un aplicador de l\u00e1piz labial con estabilizador para personas que les tiemblan las manos.<\/p>\n<p>L\u2019Or\u00e9al\u00a0 \u00a0 de belleza en los \u00faltimos a\u00f1os.<\/p>\n<p>Esta vez present\u00f3 dos prototipos de dispositivos de maquillaje que ganaron el premio a la innovaci\u00f3n en el CES 2023.<\/p>\n<p>Se trata de un aplicador de l\u00e1piz labial inteligente y una impresora de \u201ccejas perfectas\u201d que utiliza Realidad Aumentada.<\/p>\n<p>El primero se llama Hapta y es un dispositivo que parece un selfie stick equipado con un accesorio magn\u00e9tico.<\/p>\n<h4>Lugar en\u00a0donde se coloca el l\u00e1piz labial. Su dise\u00f1o es ergon\u00f3mico y puede rotar hasta 360 grados con 180 grados de flexi\u00f3n.<\/h4>\n<p>Tambi\u00e9n combina sensores con controles de gestos inteligentes que ofrecen al usuario muchos tipos de movimientos.<\/p>\n<p>As\u00ed como de\u00a0una alta precisi\u00f3n para que sea muy f\u00e1cil de usar, incluso a la hora de abrir envases dif\u00edciles.<\/p>\n<p>Pero lo m\u00e1s importante de Hapta es que incorpora la tecnolog\u00eda de estabilizaci\u00f3n desarrollada por Verily, una startup propiedad de Alphabet.<\/p>\n<p>Esta empresa utiliza el estabilizador en utensilios de cocina electr\u00f3nicos que ayudan a comer m\u00e1s f\u00e1cilmente.<\/p>\n<p>Esto a las personas con movilidad limitada en manos y brazos, como por ejemplo.<\/p>\n<p>As\u00ed como de\u00a0condiciones relacionadas a lesiones en la m\u00e9dula espinal como la cuadriplejia o que sufren de temblores por alguna enfermedad como el Parkinson.<\/p>\n","protected":false},"excerpt":{"rendered":"<p>Lo \u00faltimo en tecnolog\u00eda de belleza es una impresora de cejas que utiliza la Realidad Aumentada. L\u2019Or\u00e9al: As\u00ed como de un aplicador de l\u00e1piz labial con estabilizador para personas que les tiemblan las manos. L\u2019Or\u00e9al\u00a0 \u00a0 de belleza en los \u00faltimos a\u00f1os. Esta vez present\u00f3 dos prototipos de dispositivos de maquillaje que ganaron el premio [&hellip;]<\/p>\n","protected":false},"author":1,"featured_media":11676,"comment_status":"open","ping_status":"closed","sticky":false,"template":"","format":"standard","meta":{"footnotes":""},"categories":[13],"tags":[],"class_list":["post-11674","post","type-post","status-publish","format-standard","has-post-thumbnail","hentry","category-tecnologia"],"_links":{"self":[{"href":"https:\/\/podernacional.com\/index.php?rest_route=\/wp\/v2\/posts\/11674","targetHints":{"allow":["GET"]}}],"collection":[{"href":"https:\/\/podernacional.com\/index.php?rest_route=\/wp\/v2\/posts"}],"about":[{"href":"https:\/\/podernacional.com\/index.php?rest_route=\/wp\/v2\/types\/post"}],"author":[{"embeddable":true,"href":"https:\/\/podernacional.com\/index.php?rest_route=\/wp\/v2\/users\/1"}],"replies":[{"embeddable":true,"href":"https:\/\/podernacional.com\/index.php?rest_route=%2Fwp%2Fv2%2Fcomments&post=11674"}],"version-history":[{"count":1,"href":"https:\/\/podernacional.com\/index.php?rest_route=\/wp\/v2\/posts\/11674\/revisions"}],"predecessor-version":[{"id":11675,"href":"https:\/\/podernacional.com\/index.php?rest_route=\/wp\/v2\/posts\/11674\/revisions\/11675"}],"wp:featuredmedia":[{"embeddable":true,"href":"https:\/\/podernacional.com\/index.php?rest_route=\/wp\/v2\/media\/11676"}],"wp:attachment":[{"href":"https:\/\/podernacional.com\/index.php?rest_route=%2Fwp%2Fv2%2Fmedia&parent=11674"}],"wp:term":[{"taxonomy":"category","embeddable":true,"href":"https:\/\/podernacional.com\/index.php?rest_route=%2Fwp%2Fv2%2Fcategories&post=11674"},{"taxonomy":"post_tag","embeddable":true,"href":"https:\/\/podernacional.com\/index.php?rest_route=%2Fwp%2Fv2%2Ftags&post=11674"}],"curies":[{"name":"wp","href":"https:\/\/api.w.org\/{rel}","templated":true}]}}