{"id":11686,"date":"2023-01-14T09:59:25","date_gmt":"2023-01-14T14:59:25","guid":{"rendered":"https:\/\/podernacional.com\/?p=11686"},"modified":"2023-01-14T14:59:27","modified_gmt":"2023-01-14T14:59:27","slug":"con-vuelos-populares-regresa-el-festival-aereo-del-ranco","status":"publish","type":"post","link":"https:\/\/podernacional.com\/?p=11686","title":{"rendered":"Con vuelos populares regresa el Festival A\u00e9reo del Ranco"},"content":{"rendered":"<h4>Adem\u00e1s de vuelos, habr\u00e1 una atractiva feria familiar. Cr\u00e9dito foto: Municipalidad de La Uni\u00f3n.<\/h4>\n<p><a href=\"https:\/\/whatsappmexico.com\/\">Festival<\/a> A\u00e9reo del Ranco: Este fin de semana regresa el Festival A\u00e9reo del Ranco, evento organizado por el Club A\u00e9reo La Uni\u00f3n-R\u00edo Bueno y financiado por ambas municipalidades.<\/p>\n<p>El cual es de 10 a 19 horas, en el aer\u00f3dromo Los Maitenes, ubicado en el Cruce Los Tambores.<\/p>\n<p>As\u00ed como que esperan a las familias que quieran pasar un momento agradable.<\/p>\n<p>En el lugar, habr\u00e1 artesan\u00edas, juegos infantiles, patio de comida, m\u00fasica y danza, entre otras actividades contempladas.<\/p>\n<p>Vuelos populares costar\u00e1n 15 mil pesos por persona.<\/p>\n<h4>Vuelos populares<\/h4>\n<p>El presidente del club a\u00e9reo Los Maitenes, Jorge Mautz, destac\u00f3 el retorno del evento.<\/p>\n<p>As\u00ed como de la alianza municipal que entrega la subvenci\u00f3n de los denominados vuelos populares.<\/p>\n<p>Adem\u00e1s de\u00a0que permitir\u00e1 a la comunidad disfrutar de 15 minutos sobre una de estas aeronaves a un precio bastante econ\u00f3mico.<\/p>\n<p>El cual es\u00a0considerando el valor real de un vuelo de estas caracter\u00edsticas.<\/p>\n<p>Los vuelos, tienen una duraci\u00f3n de 10 a 15 minutos y el precio es de 15 mil pesos por persona (ni\u00f1os y adultos pagan lo mismo).<\/p>\n<p>Por ende se mencionan que con vuelos populares regresa el Festival A\u00e9reo del Ranco<\/p>\n<p>&nbsp;<\/p>\n","protected":false},"excerpt":{"rendered":"<p>Adem\u00e1s de vuelos, habr\u00e1 una atractiva feria familiar. Cr\u00e9dito foto: Municipalidad de La Uni\u00f3n. Festival A\u00e9reo del Ranco: Este fin de semana regresa el Festival A\u00e9reo del Ranco, evento organizado por el Club A\u00e9reo La Uni\u00f3n-R\u00edo Bueno y financiado por ambas municipalidades. El cual es de 10 a 19 horas, en el aer\u00f3dromo Los Maitenes, [&hellip;]<\/p>\n","protected":false},"author":1,"featured_media":11688,"comment_status":"open","ping_status":"closed","sticky":false,"template":"","format":"standard","meta":{"footnotes":""},"categories":[2],"tags":[],"class_list":["post-11686","post","type-post","status-publish","format-standard","has-post-thumbnail","hentry","category-cultural"],"_links":{"self":[{"href":"https:\/\/podernacional.com\/index.php?rest_route=\/wp\/v2\/posts\/11686","targetHints":{"allow":["GET"]}}],"collection":[{"href":"https:\/\/podernacional.com\/index.php?rest_route=\/wp\/v2\/posts"}],"about":[{"href":"https:\/\/podernacional.com\/index.php?rest_route=\/wp\/v2\/types\/post"}],"author":[{"embeddable":true,"href":"https:\/\/podernacional.com\/index.php?rest_route=\/wp\/v2\/users\/1"}],"replies":[{"embeddable":true,"href":"https:\/\/podernacional.com\/index.php?rest_route=%2Fwp%2Fv2%2Fcomments&post=11686"}],"version-history":[{"count":1,"href":"https:\/\/podernacional.com\/index.php?rest_route=\/wp\/v2\/posts\/11686\/revisions"}],"predecessor-version":[{"id":11687,"href":"https:\/\/podernacional.com\/index.php?rest_route=\/wp\/v2\/posts\/11686\/revisions\/11687"}],"wp:featuredmedia":[{"embeddable":true,"href":"https:\/\/podernacional.com\/index.php?rest_route=\/wp\/v2\/media\/11688"}],"wp:attachment":[{"href":"https:\/\/podernacional.com\/index.php?rest_route=%2Fwp%2Fv2%2Fmedia&parent=11686"}],"wp:term":[{"taxonomy":"category","embeddable":true,"href":"https:\/\/podernacional.com\/index.php?rest_route=%2Fwp%2Fv2%2Fcategories&post=11686"},{"taxonomy":"post_tag","embeddable":true,"href":"https:\/\/podernacional.com\/index.php?rest_route=%2Fwp%2Fv2%2Ftags&post=11686"}],"curies":[{"name":"wp","href":"https:\/\/api.w.org\/{rel}","templated":true}]}}