{"id":11698,"date":"2023-01-14T10:51:32","date_gmt":"2023-01-14T15:51:32","guid":{"rendered":"https:\/\/podernacional.com\/?p=11698"},"modified":"2023-01-14T15:52:04","modified_gmt":"2023-01-14T15:52:04","slug":"red-bull-anuncia-la-presentacion-de-su-nuevo-monoplaza-para-la-temporada-2023","status":"publish","type":"post","link":"https:\/\/podernacional.com\/?p=11698","title":{"rendered":"Red Bull anuncia la presentaci\u00f3n de su nuevo monoplaza para la Temporada 2023"},"content":{"rendered":"<p>Red Bull se ha convertido en el octavo equipo en revelar sus planes de presentaci\u00f3n para la temporada 2023 de F\u00f3rmula 1 al anunciar un evento en Nueva York.<br \/>\nRed Bull ha disfrutado de su temporada de F1 m\u00e1s exitosa hasta la fecha en 2022, con Max Verstappen consiguiendo su segundo t\u00edtulo mundial de pilotos consecutivo y el equipo, con el apoyo de Sergio P\u00e9rez, destronando finalmente a Mercedes en el campeonato de constructores, su primer trofeo de equipos desde 2013.<br \/>\nEl sucesor del Red Bull RB18, por tanto, tendr\u00e1 un duro acto a seguir y se espera que se vea por primera vez en p\u00fablico a principios del mes que viene tras el anuncio del equipo de Milton Keynes de que presentar\u00e1 su temporada 2023 el 3 de febrero en la ciudad de Nueva York. A\u00fan no se han hecho p\u00fablicos m\u00e1s detalles.<br \/>\nAl elegir esa fecha, el equipo de Verstappen y \u00abCheco\u00bb P\u00e9rez ser\u00e1 de momento el primero en dar el puntapi\u00e9 para el nuevo campeonato, tres d\u00edas antes de que Williams revele sus colores el 6 de febrero.<br \/>\nAlfa Romeo y Haas son los \u00fanicos equipos que a\u00fan no han dado a conocer ning\u00fan detalle sobre el lanzamiento de su temporada 2023.<br \/>\nLa pr\u00f3xima campa\u00f1a de la m\u00e1xima categor\u00eda marcar\u00e1 la tercera en la que Verstappen y P\u00e9rez comparten equipo en Red Bull y, tras el dominio que disfrut\u00f3 la escuder\u00eda el a\u00f1o pasado, se espera que tenga m\u00e1s lucha por parte de Ferrari y Mercedes, quienes buscar\u00e1n desbancar a los de Milton Keynes de la cima de la F\u00f3rmula 1.<\/p>\n","protected":false},"excerpt":{"rendered":"<p>Red Bull se ha convertido en el octavo equipo en revelar sus planes de presentaci\u00f3n para la temporada 2023 de F\u00f3rmula 1 al anunciar un evento en Nueva York. Red Bull ha disfrutado de su temporada de F1 m\u00e1s exitosa hasta la fecha en 2022, con Max Verstappen consiguiendo su segundo t\u00edtulo mundial de pilotos [&hellip;]<\/p>\n","protected":false},"author":1,"featured_media":11700,"comment_status":"open","ping_status":"closed","sticky":false,"template":"","format":"standard","meta":{"footnotes":""},"categories":[3],"tags":[],"class_list":["post-11698","post","type-post","status-publish","format-standard","has-post-thumbnail","hentry","category-deportes"],"_links":{"self":[{"href":"https:\/\/podernacional.com\/index.php?rest_route=\/wp\/v2\/posts\/11698","targetHints":{"allow":["GET"]}}],"collection":[{"href":"https:\/\/podernacional.com\/index.php?rest_route=\/wp\/v2\/posts"}],"about":[{"href":"https:\/\/podernacional.com\/index.php?rest_route=\/wp\/v2\/types\/post"}],"author":[{"embeddable":true,"href":"https:\/\/podernacional.com\/index.php?rest_route=\/wp\/v2\/users\/1"}],"replies":[{"embeddable":true,"href":"https:\/\/podernacional.com\/index.php?rest_route=%2Fwp%2Fv2%2Fcomments&post=11698"}],"version-history":[{"count":1,"href":"https:\/\/podernacional.com\/index.php?rest_route=\/wp\/v2\/posts\/11698\/revisions"}],"predecessor-version":[{"id":11699,"href":"https:\/\/podernacional.com\/index.php?rest_route=\/wp\/v2\/posts\/11698\/revisions\/11699"}],"wp:featuredmedia":[{"embeddable":true,"href":"https:\/\/podernacional.com\/index.php?rest_route=\/wp\/v2\/media\/11700"}],"wp:attachment":[{"href":"https:\/\/podernacional.com\/index.php?rest_route=%2Fwp%2Fv2%2Fmedia&parent=11698"}],"wp:term":[{"taxonomy":"category","embeddable":true,"href":"https:\/\/podernacional.com\/index.php?rest_route=%2Fwp%2Fv2%2Fcategories&post=11698"},{"taxonomy":"post_tag","embeddable":true,"href":"https:\/\/podernacional.com\/index.php?rest_route=%2Fwp%2Fv2%2Ftags&post=11698"}],"curies":[{"name":"wp","href":"https:\/\/api.w.org\/{rel}","templated":true}]}}