{"id":11710,"date":"2023-01-14T12:08:58","date_gmt":"2023-01-14T17:08:58","guid":{"rendered":"https:\/\/podernacional.com\/?p=11710"},"modified":"2023-01-14T17:09:00","modified_gmt":"2023-01-14T17:09:00","slug":"reafirman-taxistas-lucha-contra-uber","status":"publish","type":"post","link":"https:\/\/podernacional.com\/?p=11710","title":{"rendered":"Reafirman taxistas lucha contra Uber"},"content":{"rendered":"<h4>El Sindicato de Taxistas de Canc\u00fan Andr\u00e9s Quintana Roo reafirm\u00f3 su objetivo devigilar.<\/h4>\n<p>Taxistas lucha contra Uber: As\u00ed como de garantizar el cumplimiento de la Ley durante el proceso de implementaci\u00f3n del amparo de Uber.<\/p>\n<p>Adem\u00e1s de anunciar que seguir\u00e1n buscando por la v\u00eda jur\u00eddica que la plataforma se ci\u00f1a a los reglamentos y no opere fuera de la normatividad.<\/p>\n<p>Rub\u00e9n Carrillo Buenfil, secretario del interior del Sindicato, explic\u00f3 que la plataforma Uber a\u00fan no puede operar dentro del estado.<\/p>\n<p>Esto mientras no exista la reglamentaci\u00f3n necesaria en la Ley de Movilidad para regular el tipo de servicio que buscan prestar.<\/p>\n<p>Por ello, conf\u00edan en que las autoridades pertinentes vigilar\u00e1n y aplicar\u00e1n la ley vigente en tanto no exista la norma que regule el servicio.<\/p>\n<p>Esto\u00a0de las plataformas digitales de transporte.<\/p>\n<p>As\u00ed como estar\u00e1n buscando por la v\u00eda jur\u00eddica que la reglamentaci\u00f3n que llegue a elaborarse sea en igualdad de condiciones con los taxistas.<\/p>\n<p>Adem\u00e1s, acus\u00f3 a la plataforma Uber de estar lanzando una campa\u00f1a de desinformaci\u00f3n y en agravio de los taxistas.<\/p>\n<h4>Esto al pretender frente a la ciudadan\u00eda que sus socios conductores ya pueden operar dentro del estado.<\/h4>\n<p>Ya que\u00a0algo que indic\u00f3 no es posible ya que la resoluci\u00f3n a\u00fan no ha sido notificada al gobierno.<\/p>\n<p>As\u00ed como, por lo que a\u00fan no puede ser implementada.<\/p>\n<p>Junto a estas razones, argument\u00f3 que adem\u00e1s los magistrados del Tercer Tribunal del Vig\u00e9simo S\u00e9ptimo Circuito.<\/p>\n<p>Del Consejo de la Judicatura Federal aclararon que el Gobierno de Quintana Roo mantiene su facultad de establecer las reglas de operaci\u00f3n de la actividad.<\/p>\n<p>Esto por lo cual, hasta que no existan las mismas, Uber sigue sin capacidad jur\u00eddica para operar.<\/p>\n<p>Carrillo Buenfil neg\u00f3 que los taxistas est\u00e9n en contra de las aplicaciones, y record\u00f3 que ya hay algunas plataformas como Cabify o Didi.<\/p>\n<p>Las cuales\u00a0trabajan en el estado bajo los t\u00e9rminos de la Ley de Movilidad actual.<\/p>\n<h4>Afirm\u00f3 que lo \u00fanico que se busca es que Uber trabaje bajo las mismas reglas de operaci\u00f3n que el resto de los taxistas.<\/h4>\n<p>As\u00ed como\u00a0con un cuadro de tarifas espec\u00edfico y las mismas obligaciones fiscales y jur\u00eddicas que ellos deben cumplir.<\/p>\n<p>El cual est\u00e1\u00a0argumentando que esto es solamente para favorecer al usuario.<\/p>\n<p>Finalmente, sobre otras acciones que podr\u00edan tomar, Carrillo Buenfil asegur\u00f3 que por el momento se mantendr\u00e1n en la vertiente jur\u00eddica.<\/p>\n<p>As\u00ed como sin movilizaciones o bloqueos de avenidas, aunque no descart\u00f3 la posibilidad de manifestaciones pac\u00edficas.<\/p>\n<p>Reafirman taxistas lucha contra Uber<\/p>\n","protected":false},"excerpt":{"rendered":"<p>El Sindicato de Taxistas de Canc\u00fan Andr\u00e9s Quintana Roo reafirm\u00f3 su objetivo devigilar. Taxistas lucha contra Uber: As\u00ed como de garantizar el cumplimiento de la Ley durante el proceso de implementaci\u00f3n del amparo de Uber. Adem\u00e1s de anunciar que seguir\u00e1n buscando por la v\u00eda jur\u00eddica que la plataforma se ci\u00f1a a los reglamentos y no [&hellip;]<\/p>\n","protected":false},"author":1,"featured_media":11712,"comment_status":"open","ping_status":"closed","sticky":false,"template":"","format":"standard","meta":{"footnotes":""},"categories":[6],"tags":[],"class_list":["post-11710","post","type-post","status-publish","format-standard","has-post-thumbnail","hentry","category-local"],"_links":{"self":[{"href":"https:\/\/podernacional.com\/index.php?rest_route=\/wp\/v2\/posts\/11710","targetHints":{"allow":["GET"]}}],"collection":[{"href":"https:\/\/podernacional.com\/index.php?rest_route=\/wp\/v2\/posts"}],"about":[{"href":"https:\/\/podernacional.com\/index.php?rest_route=\/wp\/v2\/types\/post"}],"author":[{"embeddable":true,"href":"https:\/\/podernacional.com\/index.php?rest_route=\/wp\/v2\/users\/1"}],"replies":[{"embeddable":true,"href":"https:\/\/podernacional.com\/index.php?rest_route=%2Fwp%2Fv2%2Fcomments&post=11710"}],"version-history":[{"count":1,"href":"https:\/\/podernacional.com\/index.php?rest_route=\/wp\/v2\/posts\/11710\/revisions"}],"predecessor-version":[{"id":11711,"href":"https:\/\/podernacional.com\/index.php?rest_route=\/wp\/v2\/posts\/11710\/revisions\/11711"}],"wp:featuredmedia":[{"embeddable":true,"href":"https:\/\/podernacional.com\/index.php?rest_route=\/wp\/v2\/media\/11712"}],"wp:attachment":[{"href":"https:\/\/podernacional.com\/index.php?rest_route=%2Fwp%2Fv2%2Fmedia&parent=11710"}],"wp:term":[{"taxonomy":"category","embeddable":true,"href":"https:\/\/podernacional.com\/index.php?rest_route=%2Fwp%2Fv2%2Fcategories&post=11710"},{"taxonomy":"post_tag","embeddable":true,"href":"https:\/\/podernacional.com\/index.php?rest_route=%2Fwp%2Fv2%2Ftags&post=11710"}],"curies":[{"name":"wp","href":"https:\/\/api.w.org\/{rel}","templated":true}]}}