{"id":11713,"date":"2023-01-14T12:15:18","date_gmt":"2023-01-14T17:15:18","guid":{"rendered":"https:\/\/podernacional.com\/?p=11713"},"modified":"2023-01-14T17:15:20","modified_gmt":"2023-01-14T17:15:20","slug":"mexico-contara-con-el-pabellon-mas-grande-en-la-fitur-2023","status":"publish","type":"post","link":"https:\/\/podernacional.com\/?p=11713","title":{"rendered":"M\u00e9xico contar\u00e1 con el pabell\u00f3n m\u00e1s grande en la FITUR 2023"},"content":{"rendered":"<h4>En la edici\u00f3n de la Feria Internacional de Turismo (FITUR 2023) a realizarse del 18 al 22 de enero pr\u00f3ximo.<\/h4>\n<p>FITUR 2023: Por ende en M\u00e9xico contar\u00e1 con el pabell\u00f3n m\u00e1s grande de los pa\u00edses de Am\u00e9rica Latina, al ocupar un \u00e1rea de mil 111 metros cuadrados.<\/p>\n<p>Esto con lo que rompe todas las marcas registradas en ediciones anteriores de este evento.<\/p>\n<p>El secretario de Turismo del Gobierno de M\u00e9xico, Miguel Torruco Marqu\u00e9s, dio a conocer que este logro.<\/p>\n<p>El cual\u00a0es gracias a las acciones conjuntas con los gobiernos estatales y al apoyo del sector privado, quienes, con su participaci\u00f3n.<\/p>\n<p>Se conoce que se\u00a0impulsar\u00e1n la promoci\u00f3n tur\u00edstica de M\u00e9xico y sus destinos tur\u00edsticos ante el mercado espa\u00f1ol y europeo.<\/p>\n<p>As\u00ed como de\u00a0una de las regiones emisoras m\u00e1s importantes para nuestro pa\u00eds.<\/p>\n<p>Se\u00f1al\u00f3 que el pabell\u00f3n de M\u00e9xico en FITUR 2023 contar\u00e1 con 105 booths, espacios en donde la comitiva de nuestro pa\u00eds.<\/p>\n<p>El cual est\u00e1 integrada por alrededor de 270 participantes, entre representantes de 17 estados, legisladores.<\/p>\n<p>Adem\u00e1s de\u00a0prestadores de servicios tur\u00edsticos, presentar\u00e1n sus productos y paquetes ante los compradores que se dar\u00e1n cita en esta feria tur\u00edstica.<\/p>\n<h4>Acciones<\/h4>\n<p>Adem\u00e1s, se instalar\u00e1n cinco oficinas y habr\u00e1 seis \u00e1reas denominadas \u201ccorners\u201d.<\/p>\n<p>Ya\u00a0que ser\u00e1n ocupadas por el Consejo de Promoci\u00f3n Tur\u00edstica de Quintana Roo (CPTQ).<\/p>\n<p>Adem\u00e1s que se suma nuevamente al pabell\u00f3n de nuestro pa\u00eds, con la amplia oferta del Caribe mexican.<\/p>\n<p>Esto\u00a0junto con Playa del Carmen, Los Cabos, Quer\u00e9taro, Michoac\u00e1n y Oaxaca.<\/p>\n<p>Torruco Marqu\u00e9s detall\u00f3 que entre los expositores que forman parte de la delegaci\u00f3n mexicana que acudir\u00e1 a FITUR 2023.<\/p>\n<p>El cual\u00a0se encuentran representantes de l\u00edneas a\u00e9reas, cadenas hoteleras, tour operadores receptivos, entre otros.<\/p>\n<p>Tambi\u00e9n asisten representes de fideicomisos de Turismo, autoridades municipales y estatales de destinos como:<\/p>\n<p>M\u00e9rida, Chiapas, Chihuahua, Acapulco, Puerto Vallarta, Ciudad de M\u00e9xico, Guanajuato, Jalisco, Nayarit, Nuevo Le\u00f3n, Oaxaca.<\/p>\n<p>As\u00ed como de:\u00a0Ixtapa Zihuatanejo, Guadalajara, San Miguel de Allende, Sonora, Taxco, Yucat\u00e1n y Zacatecas.<\/p>\n<p>Como parte de la agenda, Torruco Marqu\u00e9s tambi\u00e9n participar\u00e1 en la Conferencia Iberoamericana de Ministros.<\/p>\n<h4>Al igual que de\u00a0Empresarios de Turismo CIMET 2023.<\/h4>\n<p>As\u00ed como en la recepci\u00f3n organizada por la OMT y el Banco Interamericano de Desarrollo de Am\u00e9rica Latina.<\/p>\n<p>A\u00a0la cual est\u00e1n convocadas las autoridades de Latinoam\u00e9rica y el Caribe, entre otros importantes encuentros.<\/p>\n<p>Asimismo, sostendr\u00e1 diversas reuniones con algunos de sus hom\u00f3logos de Latinoamericana, as\u00ed como directivos de aerol\u00edneas.<\/p>\n<p>Esto\u00a0con el prop\u00f3sito de estrechar lazos de cooperaci\u00f3n que impulsen el flujo de turistas entre los pa\u00edses de la regi\u00f3n.<\/p>\n<p>As\u00ed como fortalecer la conectividad a\u00e9rea, piedra angular del sector.<\/p>\n","protected":false},"excerpt":{"rendered":"<p>En la edici\u00f3n de la Feria Internacional de Turismo (FITUR 2023) a realizarse del 18 al 22 de enero pr\u00f3ximo. FITUR 2023: Por ende en M\u00e9xico contar\u00e1 con el pabell\u00f3n m\u00e1s grande de los pa\u00edses de Am\u00e9rica Latina, al ocupar un \u00e1rea de mil 111 metros cuadrados. Esto con lo que rompe todas las marcas [&hellip;]<\/p>\n","protected":false},"author":1,"featured_media":11715,"comment_status":"open","ping_status":"closed","sticky":false,"template":"","format":"standard","meta":{"footnotes":""},"categories":[7],"tags":[],"class_list":["post-11713","post","type-post","status-publish","format-standard","has-post-thumbnail","hentry","category-nacional"],"_links":{"self":[{"href":"https:\/\/podernacional.com\/index.php?rest_route=\/wp\/v2\/posts\/11713","targetHints":{"allow":["GET"]}}],"collection":[{"href":"https:\/\/podernacional.com\/index.php?rest_route=\/wp\/v2\/posts"}],"about":[{"href":"https:\/\/podernacional.com\/index.php?rest_route=\/wp\/v2\/types\/post"}],"author":[{"embeddable":true,"href":"https:\/\/podernacional.com\/index.php?rest_route=\/wp\/v2\/users\/1"}],"replies":[{"embeddable":true,"href":"https:\/\/podernacional.com\/index.php?rest_route=%2Fwp%2Fv2%2Fcomments&post=11713"}],"version-history":[{"count":1,"href":"https:\/\/podernacional.com\/index.php?rest_route=\/wp\/v2\/posts\/11713\/revisions"}],"predecessor-version":[{"id":11714,"href":"https:\/\/podernacional.com\/index.php?rest_route=\/wp\/v2\/posts\/11713\/revisions\/11714"}],"wp:featuredmedia":[{"embeddable":true,"href":"https:\/\/podernacional.com\/index.php?rest_route=\/wp\/v2\/media\/11715"}],"wp:attachment":[{"href":"https:\/\/podernacional.com\/index.php?rest_route=%2Fwp%2Fv2%2Fmedia&parent=11713"}],"wp:term":[{"taxonomy":"category","embeddable":true,"href":"https:\/\/podernacional.com\/index.php?rest_route=%2Fwp%2Fv2%2Fcategories&post=11713"},{"taxonomy":"post_tag","embeddable":true,"href":"https:\/\/podernacional.com\/index.php?rest_route=%2Fwp%2Fv2%2Ftags&post=11713"}],"curies":[{"name":"wp","href":"https:\/\/api.w.org\/{rel}","templated":true}]}}