{"id":11761,"date":"2023-01-16T17:50:57","date_gmt":"2023-01-16T22:50:57","guid":{"rendered":"https:\/\/podernacional.com\/?p=11761"},"modified":"2023-01-16T22:50:59","modified_gmt":"2023-01-16T22:50:59","slug":"chica-que-dices-festival-ceremonia-2023-revela-cartel-completo-con-rosalia-y-the-blaze","status":"publish","type":"post","link":"https:\/\/podernacional.com\/?p=11761","title":{"rendered":"\u2018Chica, \u00bfqu\u00e9 dices?\u2019 Festival Ceremonia 2023 revela cartel completo con Rosal\u00eda y The Blaze"},"content":{"rendered":"<h4>\u00bfTodav\u00eda hay boletos? Despu\u00e9s de la preventa para el Festival Ceremonia 2023, por fin fue revelado el line up completo, con el regreso de Rosal\u00eda.<\/h4>\n<p>Festival Ceremonia 2023: Rosal\u00eda regresa a M\u00e9xico: la cantante catalana fue anunciada en el cartel del Festival Ceremonia 2023.<\/p>\n<p>Este a\u00f1o promete una jornada de grandes conciertos en M\u00e9xico para todos los gustos musicales y el Festival Ceremonia 2023.<\/p>\n<p>El cual\u00a0sigue sumando sorpresas, pues acaba de revelar el cartel completo con el regreso de la \u2018Motomami\u2019 en el nuevo cartel.<\/p>\n<p>En noviembre de 2022, el festival dio a conocer una parte de su line up para su d\u00e9cimo aniversario encabezado por artistas como:<\/p>\n<p>Travis Scott, M.I.A y Jamie XX, entre algunas otras propuestas tanto nacionales como internacionales que llegar\u00e1n al Parque Bicentenario.<\/p>\n<p>La jornada musical tendr\u00e1 dos d\u00edas de duraci\u00f3n en la Ciudad de M\u00e9xico, ten\u00eda pendientes m\u00e1s actos por confirmar.<\/p>\n<p>De\u00a0los cuales por fin fueron dados a conocer este lunes:<\/p>\n<p>\u201cYa no aguant\u00e1bamos m\u00e1s: conoce el cartel completo de AXE Ceremonia 2023\u2033, public\u00f3 la p\u00e1gina oficial del evento en sus redes sociales.<\/p>\n<p>Una de las grandes sorpresas es que ahora la catalana Rosal\u00eda estar\u00e1 de regreso en M\u00e9xico para el festival.<\/p>\n<p>El cual quien estuvo en la edici\u00f3n 2019 y protagoniz\u00f3 en M\u00e9xico varios shows este 2022.<\/p>\n<p>Asimismo, se sum\u00f3 el d\u00fao franc\u00e9s The Blaze, conformado por Guillaume y Jonathan Alric, quienes le pondr\u00e1n sabor a la fiesta con su ritmo electr\u00f3nico.<\/p>\n<h4>Cartel completo de Ceremonia 2023<\/h4>\n<p>Rosal\u00eda<\/p>\n<p>The Blaze<\/p>\n<p>Travis Scott<\/p>\n<p>Fred Again..<\/p>\n<p>Moderat<\/p>\n<p>Tokischa<\/p>\n<p>L\u2019Imp\u00e9ratrice<\/p>\n<p>Honey Dijon<\/p>\n<p>Junior H<\/p>\n<p>Villano Antillano<\/p>\n<p>Eme MalaFe<\/p>\n<p>Tayhana Club Latinx Experience<\/p>\n<p>Domi &amp; JD Beck<\/p>\n<p>Usted Se\u00f1\u00e1lemelo<\/p>\n<p>Avalon Emerson<\/p>\n<p>Opium G<\/p>\n<p>Ethel Cain<\/p>\n<p>El Malilla<\/p>\n<p>Rebe<\/p>\n<p>Crystallmess<\/p>\n<p>Zemmoa<\/p>\n<p>Yoshi<\/p>\n<p>Mehro<\/p>\n<p>Cuauh<\/p>\n<p>M.I.A<\/p>\n<p>Jamie XX<\/p>\n<p>Julieta Venegas<\/p>\n<p>Willow<\/p>\n<p>Trueno<\/p>\n<p>TR\/ST<\/p>\n<p>Rojuu<\/p>\n<p>Louta<\/p>\n<p>Taichu<\/p>\n<p>NSQK<\/p>\n<p>La Goony Chonga<\/p>\n<p>Zizzy<\/p>\n<p>Foudeqush<\/p>\n<p>Friolento<\/p>\n<p>Rubio<\/p>\n<p>Go Golden Junk<\/p>\n<p>Meth Math<\/p>\n<p>GRLS<\/p>\n<p>DJ Guapis<\/p>\n<h4>\u00bfCu\u00e1ndo es el Festival Ceremonia 2023?<\/h4>\n<p>El Festival Ceremonia ser\u00e1 los d\u00edas 1 y 2 de noviembre de 2023.<\/p>\n<p>Adem\u00e1s de que se realizar\u00e1 de nueva cuenta en el Parque Bicentenario de la Ciudad de M\u00e9xico.<\/p>\n<p>Esto\u00a0luego de que el popular evento cambiara de sede desde el Foro Pegaso de Toluca, en el Estado de M\u00e9xico.<\/p>\n","protected":false},"excerpt":{"rendered":"<p>\u00bfTodav\u00eda hay boletos? Despu\u00e9s de la preventa para el Festival Ceremonia 2023, por fin fue revelado el line up completo, con el regreso de Rosal\u00eda. Festival Ceremonia 2023: Rosal\u00eda regresa a M\u00e9xico: la cantante catalana fue anunciada en el cartel del Festival Ceremonia 2023. Este a\u00f1o promete una jornada de grandes conciertos en M\u00e9xico para [&hellip;]<\/p>\n","protected":false},"author":1,"featured_media":11763,"comment_status":"open","ping_status":"closed","sticky":false,"template":"","format":"standard","meta":{"footnotes":""},"categories":[2],"tags":[],"class_list":["post-11761","post","type-post","status-publish","format-standard","has-post-thumbnail","hentry","category-cultural"],"_links":{"self":[{"href":"https:\/\/podernacional.com\/index.php?rest_route=\/wp\/v2\/posts\/11761","targetHints":{"allow":["GET"]}}],"collection":[{"href":"https:\/\/podernacional.com\/index.php?rest_route=\/wp\/v2\/posts"}],"about":[{"href":"https:\/\/podernacional.com\/index.php?rest_route=\/wp\/v2\/types\/post"}],"author":[{"embeddable":true,"href":"https:\/\/podernacional.com\/index.php?rest_route=\/wp\/v2\/users\/1"}],"replies":[{"embeddable":true,"href":"https:\/\/podernacional.com\/index.php?rest_route=%2Fwp%2Fv2%2Fcomments&post=11761"}],"version-history":[{"count":1,"href":"https:\/\/podernacional.com\/index.php?rest_route=\/wp\/v2\/posts\/11761\/revisions"}],"predecessor-version":[{"id":11762,"href":"https:\/\/podernacional.com\/index.php?rest_route=\/wp\/v2\/posts\/11761\/revisions\/11762"}],"wp:featuredmedia":[{"embeddable":true,"href":"https:\/\/podernacional.com\/index.php?rest_route=\/wp\/v2\/media\/11763"}],"wp:attachment":[{"href":"https:\/\/podernacional.com\/index.php?rest_route=%2Fwp%2Fv2%2Fmedia&parent=11761"}],"wp:term":[{"taxonomy":"category","embeddable":true,"href":"https:\/\/podernacional.com\/index.php?rest_route=%2Fwp%2Fv2%2Fcategories&post=11761"},{"taxonomy":"post_tag","embeddable":true,"href":"https:\/\/podernacional.com\/index.php?rest_route=%2Fwp%2Fv2%2Ftags&post=11761"}],"curies":[{"name":"wp","href":"https:\/\/api.w.org\/{rel}","templated":true}]}}