{"id":11764,"date":"2023-01-16T17:53:58","date_gmt":"2023-01-16T22:53:58","guid":{"rendered":"https:\/\/podernacional.com\/?p=11764"},"modified":"2023-01-16T22:54:00","modified_gmt":"2023-01-16T22:54:00","slug":"xochimilco-sera-sede-del-festival-vivo-sessions-open-air-sun-party","status":"publish","type":"post","link":"https:\/\/podernacional.com\/?p=11764","title":{"rendered":"Xochimilco ser\u00e1 sede del festival Vivo Sessions: Open Air Sun Party"},"content":{"rendered":"<h4>Una noche \u00fanica de m\u00fasica electr\u00f3nica en medio de los canales de Xochimilco es lo que ofrecer\u00e1 este festival. Checa los detalles<\/h4>\n<p>Xochimilco: Diversos representantes de la m\u00fasica electr\u00f3nica traer\u00e1n su propio estilo a Xochimilco.<\/p>\n<p>Con la promesa de ofrecer 14 horas de m\u00fasica electr\u00f3nica, el festival Vivo Sessions: Open Air Sun Party.<\/p>\n<p>El cual alista su llega al recinto tur\u00edstico y cultural de Xochimilco, en donde los apasionados por los beats.<\/p>\n<p>Los cuales\u00a0podr\u00e1n disfrutar una experiencia \u00fanica en su tipo en los emblem\u00e1ticos canales del lago el pr\u00f3ximo 21 de enero.<\/p>\n<p>As\u00ed como de estar\u00a0recibiendo al p\u00fablico a partir de las 11:00 horas.<\/p>\n<p>De acuerdo a los organizadores, esta edici\u00f3n apostar\u00e1 por dos escenarios para recibir a exponentes nacionales.<\/p>\n<p>As\u00ed como de internacionales que han participado en reconocidos festivales como el Mayan Warrior, Vive Latino y Burning man, por ejemplo.<\/p>\n<p>Debaten en redes tras triunfo de Estados Unidos en Miss Universo 2023<\/p>\n<p>\u201cM\u00e1s all\u00e1 de un festival, queremos regalar a nuestros asistentes historias que contar que los acompa\u00f1en para siempre\u201d.<\/p>\n<h4>\u201cAs\u00ed como\u00a0la m\u00fasica conecta, inspira y crea magia colectiva\u201d.<\/h4>\n<p>\u201cMantenemos nuestros cupos limitados para garantizar la experiencia \u00fanica de cada asistente y artista\u201d.<\/p>\n<p>\u201cSigan nuestras plataformas por que podr\u00e1n encontrar contenidos exclusivos de cada una de nuestras fechas y pr\u00f3ximas sorpresas\u201d.<\/p>\n<p>El cual indic\u00f3 Habacuc Guerrero, CEO y productor de Vivo Sessions.<\/p>\n<h4>\u00bfC\u00f3mo ser\u00e1 la experiencia de Vivo Sessions en Xochimilco?<\/h4>\n<p>A trav\u00e9s de un comunicado, los organizadores del festival Vivo Sessions han compartido c\u00f3mo ser\u00e1 la din\u00e1mica del encuentro.<\/p>\n<p>Esto al puntualizar que los asistentes, una vez en el embarcadero, tendr\u00e1n que hacer un recorrido en una embarcaci\u00f3n motorizada.<\/p>\n<p>As\u00ed como de la\u00a0trajinera tradicional para llegar a Kawiil,\u00a0se vivir\u00e1n 14 horas de m\u00fasica electr\u00f3nica distribuidos en dos escenarios principales: Sol y Luna.<\/p>\n<p>El festival promete \u00e1reas de descanso, alimentos, bebidas, actividades de meditaci\u00f3n, bazar.<\/p>\n<p>As\u00ed como de\u00a0un makeup stand para complementar un look perfecto, pues el dresscode del evento se denomina Ancient Bohemian; inspiraci\u00f3n muy ancestral y espiritual.<\/p>\n","protected":false},"excerpt":{"rendered":"<p>Una noche \u00fanica de m\u00fasica electr\u00f3nica en medio de los canales de Xochimilco es lo que ofrecer\u00e1 este festival. Checa los detalles Xochimilco: Diversos representantes de la m\u00fasica electr\u00f3nica traer\u00e1n su propio estilo a Xochimilco. Con la promesa de ofrecer 14 horas de m\u00fasica electr\u00f3nica, el festival Vivo Sessions: Open Air Sun Party. El cual [&hellip;]<\/p>\n","protected":false},"author":1,"featured_media":11766,"comment_status":"open","ping_status":"closed","sticky":false,"template":"","format":"standard","meta":{"footnotes":""},"categories":[4],"tags":[],"class_list":["post-11764","post","type-post","status-publish","format-standard","has-post-thumbnail","hentry","category-espectaculos"],"_links":{"self":[{"href":"https:\/\/podernacional.com\/index.php?rest_route=\/wp\/v2\/posts\/11764","targetHints":{"allow":["GET"]}}],"collection":[{"href":"https:\/\/podernacional.com\/index.php?rest_route=\/wp\/v2\/posts"}],"about":[{"href":"https:\/\/podernacional.com\/index.php?rest_route=\/wp\/v2\/types\/post"}],"author":[{"embeddable":true,"href":"https:\/\/podernacional.com\/index.php?rest_route=\/wp\/v2\/users\/1"}],"replies":[{"embeddable":true,"href":"https:\/\/podernacional.com\/index.php?rest_route=%2Fwp%2Fv2%2Fcomments&post=11764"}],"version-history":[{"count":1,"href":"https:\/\/podernacional.com\/index.php?rest_route=\/wp\/v2\/posts\/11764\/revisions"}],"predecessor-version":[{"id":11765,"href":"https:\/\/podernacional.com\/index.php?rest_route=\/wp\/v2\/posts\/11764\/revisions\/11765"}],"wp:featuredmedia":[{"embeddable":true,"href":"https:\/\/podernacional.com\/index.php?rest_route=\/wp\/v2\/media\/11766"}],"wp:attachment":[{"href":"https:\/\/podernacional.com\/index.php?rest_route=%2Fwp%2Fv2%2Fmedia&parent=11764"}],"wp:term":[{"taxonomy":"category","embeddable":true,"href":"https:\/\/podernacional.com\/index.php?rest_route=%2Fwp%2Fv2%2Fcategories&post=11764"},{"taxonomy":"post_tag","embeddable":true,"href":"https:\/\/podernacional.com\/index.php?rest_route=%2Fwp%2Fv2%2Ftags&post=11764"}],"curies":[{"name":"wp","href":"https:\/\/api.w.org\/{rel}","templated":true}]}}