{"id":11770,"date":"2023-01-16T18:01:06","date_gmt":"2023-01-16T23:01:06","guid":{"rendered":"https:\/\/podernacional.com\/?p=11770"},"modified":"2023-01-16T23:01:07","modified_gmt":"2023-01-16T23:01:07","slug":"estos-dos-hoteles-mexicanos-logran-reconocimientos-en-competencia-internacional","status":"publish","type":"post","link":"https:\/\/podernacional.com\/?p=11770","title":{"rendered":"Estos dos hoteles mexicanos logran reconocimientos en competencia internacional"},"content":{"rendered":"<h4>El secretario de Turismo de M\u00e9xico, Miguel Torruco Marqu\u00e9s, destac\u00f3 que la nominaci\u00f3n de la mayor\u00eda de los hoteles.<\/h4>\n<p>Hoteles mexicanos: Los cuales fueron los que participaron en la competencia se debi\u00f3 a una propuesta de la Embajada de M\u00e9xico en Francia.<\/p>\n<p>Dos hoteles mexicanos fueron galardonados en la competencia anual Vill\u00e9giature Awards que desde el 2003.<\/p>\n<p>El cual\u00a0reconoce a los mejores recintos hoteleros del mundo en 20 categor\u00edas distintas.<\/p>\n<p>Aunque es la vig\u00e9sima edici\u00f3n de la competencia, por primera vez se registr\u00f3 la nominaci\u00f3n de 11 diversos hoteles mexicanos.<\/p>\n<p>As\u00ed como del triunfo de dos de \u00e9stos.<\/p>\n<p>Los hoteles que finalmente resultaron ganadores son el Azulik Tulum, en la categor\u00eda Mejor Universo Art\u00edstico.<\/p>\n<p>Adem\u00e1s del hotel Sofitel Ciudad de M\u00e9xico, premiado en la categor\u00eda Mejor Dise\u00f1o Interior y Arquitectura.<\/p>\n<p>Y a pesar de que fue la primera vez que hoteles mexicanos compitieron en el evento.<\/p>\n<p>As\u00ed como del pa\u00eds se coloc\u00f3 como el segundo con m\u00e1s nominaciones despu\u00e9s de Francia, de acuerdo con informaci\u00f3n de la Secretar\u00eda de Turismo.<\/p>\n<p>El jurado de los Prix Vill\u00e9giature 2022 estuvo integrado por especialistas en turismo de gran clase.<\/p>\n<h4>As\u00ed como por una veintena de periodistas de todo el mundo.<\/h4>\n<p>A la premiaci\u00f3n, celebrada este fin de semana en la Residencia de la Embajada de M\u00e9xico, en Par\u00eds, Francia.<\/p>\n<p>Adem\u00e1s de que\u00a0acudieron altos ejecutivos y due\u00f1os de los mejores y m\u00e1s prestigiados hoteles del mundo.<\/p>\n<p>As\u00ed como el pleno del jurado y miembros del cuerpo diplom\u00e1tico, adem\u00e1s de periodistas, empresarios y artistas.<\/p>\n<p>El secretario de Turismo de M\u00e9xico, Miguel Torruco Marqu\u00e9s, destac\u00f3 que la nominaci\u00f3n de la mayor\u00eda de los hoteles.<\/p>\n<p>Los cuales fueron los\u00a0que participaron en la competencia se debi\u00f3 a una propuesta de la Embajada de M\u00e9xico en Francia.<\/p>\n<p>De acuerdo con la p\u00e1gina de reservaciones PriceTravel.<\/p>\n<p>Por ende, el precio por noche en una habitaci\u00f3n del hotel Sofitel Mexico City Reforma va desde los 9 mil 871 pesos.<\/p>\n<p>En el Azulik, el precio de una noche de hospedaje asciende a 18 mil 113 pesos.<\/p>\n","protected":false},"excerpt":{"rendered":"<p>El secretario de Turismo de M\u00e9xico, Miguel Torruco Marqu\u00e9s, destac\u00f3 que la nominaci\u00f3n de la mayor\u00eda de los hoteles. Hoteles mexicanos: Los cuales fueron los que participaron en la competencia se debi\u00f3 a una propuesta de la Embajada de M\u00e9xico en Francia. Dos hoteles mexicanos fueron galardonados en la competencia anual Vill\u00e9giature Awards que desde [&hellip;]<\/p>\n","protected":false},"author":1,"featured_media":11772,"comment_status":"open","ping_status":"closed","sticky":false,"template":"","format":"standard","meta":{"footnotes":""},"categories":[5],"tags":[],"class_list":["post-11770","post","type-post","status-publish","format-standard","has-post-thumbnail","hentry","category-internacional"],"_links":{"self":[{"href":"https:\/\/podernacional.com\/index.php?rest_route=\/wp\/v2\/posts\/11770","targetHints":{"allow":["GET"]}}],"collection":[{"href":"https:\/\/podernacional.com\/index.php?rest_route=\/wp\/v2\/posts"}],"about":[{"href":"https:\/\/podernacional.com\/index.php?rest_route=\/wp\/v2\/types\/post"}],"author":[{"embeddable":true,"href":"https:\/\/podernacional.com\/index.php?rest_route=\/wp\/v2\/users\/1"}],"replies":[{"embeddable":true,"href":"https:\/\/podernacional.com\/index.php?rest_route=%2Fwp%2Fv2%2Fcomments&post=11770"}],"version-history":[{"count":1,"href":"https:\/\/podernacional.com\/index.php?rest_route=\/wp\/v2\/posts\/11770\/revisions"}],"predecessor-version":[{"id":11771,"href":"https:\/\/podernacional.com\/index.php?rest_route=\/wp\/v2\/posts\/11770\/revisions\/11771"}],"wp:featuredmedia":[{"embeddable":true,"href":"https:\/\/podernacional.com\/index.php?rest_route=\/wp\/v2\/media\/11772"}],"wp:attachment":[{"href":"https:\/\/podernacional.com\/index.php?rest_route=%2Fwp%2Fv2%2Fmedia&parent=11770"}],"wp:term":[{"taxonomy":"category","embeddable":true,"href":"https:\/\/podernacional.com\/index.php?rest_route=%2Fwp%2Fv2%2Fcategories&post=11770"},{"taxonomy":"post_tag","embeddable":true,"href":"https:\/\/podernacional.com\/index.php?rest_route=%2Fwp%2Fv2%2Ftags&post=11770"}],"curies":[{"name":"wp","href":"https:\/\/api.w.org\/{rel}","templated":true}]}}