{"id":118,"date":"2020-06-02T23:37:44","date_gmt":"2020-06-02T23:37:44","guid":{"rendered":"http:\/\/whatsappcancun.com\/?p=118"},"modified":"2020-06-02T23:37:44","modified_gmt":"2020-06-02T23:37:44","slug":"jugadores-y-equipos-se-unen-al-blackout-tuesday","status":"publish","type":"post","link":"https:\/\/podernacional.com\/?p=118","title":{"rendered":"JUGADORES Y EQUIPOS SE UNEN AL \u2018BLACKOUT TUESDAY\u2019"},"content":{"rendered":"\n<p>La pandemia por C<strong>oronavirus ha sido el tema a tratar en los \u00faltimos meses<\/strong>, pero el mundo entero se ha detenido un momento para abordar algo mucho m\u00e1s importante, algo que lleva a\u00f1os sin resolverse. Se trata del racismo, un tema complicado en el que miles de atletas se unieron para protestar y el&nbsp;<strong>&#8216;Blackout Tuesday&#8217; en el deporte es la prueba de ello.<\/strong><\/p>\n\n\n\n<p>El\u00a0<strong>asesinato de George Floyd<\/strong>\u00a0fue lo que explot\u00f3 tod<\/p>\n\n\n\n<p>La pandemia por C<strong>oronavirus ha sido el tema a tratar en los \u00faltimos meses<\/strong>, pero el mundo entero se ha detenido un momento para abordar algo mucho m\u00e1s importante, algo que lleva a\u00f1os sin resolverse. Se trata del racismo, un tema complicado en el que miles de atletas se unieron para protestar y el&nbsp;<strong>&#8216;Blackout Tuesday&#8217; en el deporte es la prueba de ello.<\/strong><\/p>\n\n\n\n<p>El&nbsp;<strong>asesinato de George Floyd<\/strong>&nbsp;fue lo que explot\u00f3 todo.<\/p>\n\n\n\n<p>La semana pasada, un polic\u00eda en Minneapolis abus\u00f3 de su fuerza al momento de arrestar al hombre afroamericano. Lo puso contra el piso y le puso la rodilla en el cuello, a lo que \u00e9l dijo que no pod\u00eda respirar, minutos despu\u00e9s&nbsp;<strong>cay\u00f3 inconsciente y falleci\u00f3 en el hospital.<\/strong><\/p>\n\n\n\n<p>Ese fue un caso m\u00e1s que se sum\u00f3 a la lista de personas afroamericanas que han sufrido de abuso por parte de la polic\u00eda. La comunidad en ese pa\u00eds, sin importar su raza, lleg\u00f3 a un l\u00edmite y por ello se unieron para protestar contra esta situaci\u00f3n y<strong>&nbsp;era claro que el mundo del deporte no pod\u00eda quedar fuera.<\/strong><\/p>\n","protected":false},"excerpt":{"rendered":"<p>La pandemia por Coronavirus ha sido el tema a tratar en los \u00faltimos meses, pero el mundo entero se ha detenido un momento para abordar algo mucho m\u00e1s importante, algo que lleva a\u00f1os sin resolverse. Se trata del racismo, un tema complicado en el que miles de atletas se unieron para protestar y el&nbsp;&#8216;Blackout Tuesday&#8217; [&hellip;]<\/p>\n","protected":false},"author":1,"featured_media":119,"comment_status":"open","ping_status":"open","sticky":false,"template":"","format":"standard","meta":{"footnotes":""},"categories":[3],"tags":[],"class_list":["post-118","post","type-post","status-publish","format-standard","has-post-thumbnail","hentry","category-deportes"],"_links":{"self":[{"href":"https:\/\/podernacional.com\/index.php?rest_route=\/wp\/v2\/posts\/118","targetHints":{"allow":["GET"]}}],"collection":[{"href":"https:\/\/podernacional.com\/index.php?rest_route=\/wp\/v2\/posts"}],"about":[{"href":"https:\/\/podernacional.com\/index.php?rest_route=\/wp\/v2\/types\/post"}],"author":[{"embeddable":true,"href":"https:\/\/podernacional.com\/index.php?rest_route=\/wp\/v2\/users\/1"}],"replies":[{"embeddable":true,"href":"https:\/\/podernacional.com\/index.php?rest_route=%2Fwp%2Fv2%2Fcomments&post=118"}],"version-history":[{"count":0,"href":"https:\/\/podernacional.com\/index.php?rest_route=\/wp\/v2\/posts\/118\/revisions"}],"wp:featuredmedia":[{"embeddable":true,"href":"https:\/\/podernacional.com\/index.php?rest_route=\/wp\/v2\/media\/119"}],"wp:attachment":[{"href":"https:\/\/podernacional.com\/index.php?rest_route=%2Fwp%2Fv2%2Fmedia&parent=118"}],"wp:term":[{"taxonomy":"category","embeddable":true,"href":"https:\/\/podernacional.com\/index.php?rest_route=%2Fwp%2Fv2%2Fcategories&post=118"},{"taxonomy":"post_tag","embeddable":true,"href":"https:\/\/podernacional.com\/index.php?rest_route=%2Fwp%2Fv2%2Ftags&post=118"}],"curies":[{"name":"wp","href":"https:\/\/api.w.org\/{rel}","templated":true}]}}