{"id":11813,"date":"2023-01-17T18:06:12","date_gmt":"2023-01-17T23:06:12","guid":{"rendered":"https:\/\/podernacional.com\/?p=11813"},"modified":"2023-01-17T23:06:14","modified_gmt":"2023-01-17T23:06:14","slug":"festival-de-las-condes-2023-conoce-las-fechas-artistas-confirmados-y-como-retirar-entradas","status":"publish","type":"post","link":"https:\/\/podernacional.com\/?p=11813","title":{"rendered":"Festival de Las Condes 2023: conoce las fechas, artistas confirmados y c\u00f3mo retirar entradas"},"content":{"rendered":"<h4>Festival de Las Condes 2023: conoce los artistas, fechas y c\u00f3mo retirar entradas.<\/h4>\n<p>Festival de Las Condes 2023: Revisa la parrilla para ambas noches y todo sobre los tickets gratuitos.<\/p>\n<p>El Festival de Las Condes, llevar\u00e1 a cabo su sexta versi\u00f3n de manera presencial y con aforo completo en el Parque Padre Hurtado.<\/p>\n<p>Un show que ser\u00e1 televisado y animado por Francisco Saavedra y Tonka Tomicic.<\/p>\n<p>Tras el evento del a\u00f1o pasado, donde se realiz\u00f3 sin p\u00fablico, la edici\u00f3n de enero del 2023.<\/p>\n<p>Por ende, se prepara para recibir a personas de todas las comunas, con una parrilla de artistas para dos d\u00edas de shows.<\/p>\n<p>La alcaldesa de la comuna Daniela Pe\u00f1aloza, dijo que se espera que m\u00e1s de 20.000 personas podr\u00e1n disfrutar del espect\u00e1culo.<\/p>\n<p>Conoce los detalles a continuaci\u00f3n.<\/p>\n<h4>\u00bfCu\u00e1ndo es el Festival de Las Condes 2023?<\/h4>\n<p>El show en vivo se realizar\u00e1 el viernes 27 y s\u00e1bado 28 de enero del 2023, desde las 22:00 horas.<\/p>\n<p>As\u00ed como de\u00a0ambas jornadas transmitidas, a trav\u00e9s, de las pantallas de Canal 13.<\/p>\n<p>\u00bfQui\u00e9nes se presentan en el Festival de Las Condes?<\/p>\n<p>Cada d\u00eda, se presentar\u00e1 un artista nacional, otro internacional y un humorista para completar la parrilla de los dos d\u00edas de shows en vivo.<\/p>\n<p>Revisa el itinerario del evento que se realizar\u00e1 en el Parque Padre Hurtado de Las Condes a continuaci\u00f3n:<\/p>\n<h4>Viernes 27 de enero del 2023:<\/h4>\n<p>Artista internacional argentino: el cantante Vicentico, abrir\u00e1 el evento.<\/p>\n<p>De humor: la comediante Daniela \u201cChiqui\u201d Aguayo.<\/p>\n<p>Artista nacional: Nicole, cerrar\u00e1 la primera noche del festival.<\/p>\n<h4>S\u00e1bado 28 de enero del 2023<\/h4>\n<p>Artista internacional: cubanos Gente de Zona abrir\u00e1n la segunda noche.<\/p>\n<p>De humor: contar\u00e1 con el comediante nacional Pablo Zu\u00f1iga<\/p>\n<p>Artista nacional: cantante urbano Pailita cerrar\u00e1 el festival.<\/p>\n<h4>\u00bfD\u00f3nde conseguir entradas para el Festival de Las Condes?<\/h4>\n<p>Las entradas son gratuitas para todo p\u00fablico, son intransferibles y cada persona puede retirar dos tickets por d\u00eda, hasta agotar stock.<\/p>\n<p>Cabe destacar que se solicitar\u00e1 el RUT de los participantes. Revisa la disponibilidad de entradas a trav\u00e9s del sistema Puntoticket.<\/p>\n","protected":false},"excerpt":{"rendered":"<p>Festival de Las Condes 2023: conoce los artistas, fechas y c\u00f3mo retirar entradas. Festival de Las Condes 2023: Revisa la parrilla para ambas noches y todo sobre los tickets gratuitos. El Festival de Las Condes, llevar\u00e1 a cabo su sexta versi\u00f3n de manera presencial y con aforo completo en el Parque Padre Hurtado. Un show [&hellip;]<\/p>\n","protected":false},"author":1,"featured_media":11815,"comment_status":"open","ping_status":"closed","sticky":false,"template":"","format":"standard","meta":{"footnotes":""},"categories":[2],"tags":[],"class_list":["post-11813","post","type-post","status-publish","format-standard","has-post-thumbnail","hentry","category-cultural"],"_links":{"self":[{"href":"https:\/\/podernacional.com\/index.php?rest_route=\/wp\/v2\/posts\/11813","targetHints":{"allow":["GET"]}}],"collection":[{"href":"https:\/\/podernacional.com\/index.php?rest_route=\/wp\/v2\/posts"}],"about":[{"href":"https:\/\/podernacional.com\/index.php?rest_route=\/wp\/v2\/types\/post"}],"author":[{"embeddable":true,"href":"https:\/\/podernacional.com\/index.php?rest_route=\/wp\/v2\/users\/1"}],"replies":[{"embeddable":true,"href":"https:\/\/podernacional.com\/index.php?rest_route=%2Fwp%2Fv2%2Fcomments&post=11813"}],"version-history":[{"count":1,"href":"https:\/\/podernacional.com\/index.php?rest_route=\/wp\/v2\/posts\/11813\/revisions"}],"predecessor-version":[{"id":11814,"href":"https:\/\/podernacional.com\/index.php?rest_route=\/wp\/v2\/posts\/11813\/revisions\/11814"}],"wp:featuredmedia":[{"embeddable":true,"href":"https:\/\/podernacional.com\/index.php?rest_route=\/wp\/v2\/media\/11815"}],"wp:attachment":[{"href":"https:\/\/podernacional.com\/index.php?rest_route=%2Fwp%2Fv2%2Fmedia&parent=11813"}],"wp:term":[{"taxonomy":"category","embeddable":true,"href":"https:\/\/podernacional.com\/index.php?rest_route=%2Fwp%2Fv2%2Fcategories&post=11813"},{"taxonomy":"post_tag","embeddable":true,"href":"https:\/\/podernacional.com\/index.php?rest_route=%2Fwp%2Fv2%2Ftags&post=11813"}],"curies":[{"name":"wp","href":"https:\/\/api.w.org\/{rel}","templated":true}]}}