{"id":11858,"date":"2023-01-18T17:05:53","date_gmt":"2023-01-18T22:05:53","guid":{"rendered":"https:\/\/podernacional.com\/?p=11858"},"modified":"2023-01-18T22:05:54","modified_gmt":"2023-01-18T22:05:54","slug":"youtube-retransmitira-presentaciones-de-artistas-en-festival-coachella","status":"publish","type":"post","link":"https:\/\/podernacional.com\/?p=11858","title":{"rendered":"YouTube retransmitir\u00e1 presentaciones de artistas en festival Coachella"},"content":{"rendered":"<h4>Coachella, que atrae a m\u00e1s de 120.000 personas al d\u00eda.<\/h4>\n<p>YouTube: El cual se celebrar\u00e1 en California los fines de semana del 14 al 16 de abril y del 21 al 23 de abril.<\/p>\n<p>La plataforma emitir\u00e1 en directo las presentaciones de los artistas y difundir\u00e1, por demanda, los videos una vez finalizados los conciertos.<\/p>\n<p>Los \u00c1ngeles.- La plataforma Youtube y la promotora de conciertos Goldenvoice, encargada del festival Coachella.<\/p>\n<p>As\u00ed como que anunci\u00f3 este martes que su alianza de contenido exclusivo y retransmisi\u00f3n gratuita en directo de dicho evento se extender\u00e1 tres a\u00f1os m\u00e1s.<\/p>\n<p>\u00abLa renovaci\u00f3n hasta 2026 es un testimonio de la creciente audiencia global para el ic\u00f3nico festival de m\u00fasica\u00bb.<\/p>\n<p>Esto lo se\u00f1al\u00f3 Youtube en un comunicado sobre ese encuentro encabezado este a\u00f1o por el puertorrique\u00f1o Bad Bunny.<\/p>\n<p>El acuerdo entre las dos empresas de entretenimiento cumple once a\u00f1os en abril y pretende dar \u00abuna mirada m\u00e1s cercana\u00bb.<\/p>\n<h4>A\u00a0lo que sucede en el festival, no solamente con la retransmisi\u00f3n en directo de los conciertos.<\/h4>\n<p>Sino con videos cortos para Youtube Shorts que muestren el ambiente y el p\u00fablico.<\/p>\n<p>Adem\u00e1s, el convenio incluye la emisi\u00f3n en directo de las presentaciones de los artistas.<\/p>\n<p>As\u00ed como de\u00a0la difusi\u00f3n bajo demanda de los videos una vez finalizados los conciertos.<\/p>\n<p>Coachella regresa como antes de la pandemia: sin mascarillas, pruebas o mandatos de vacunaci\u00f3n<\/p>\n<p>Asimismo, los suscriptores al servicio \u00abpremium\u00bb de Youtube tambi\u00e9n tendr\u00e1n acceso a contenidos exclusivos.<\/p>\n<p>As\u00ed como por\u00a0tanto la plataforma de videos como Goldenvoice se han comprometido a mejorar la experiencia los pr\u00f3ximos a\u00f1os.<\/p>\n<h4>Coachella, que atrae a m\u00e1s de 120.000 personas al d\u00eda.<\/h4>\n<p>El cual se celebrar\u00e1 en California los fines de semana del 14 al 16 de abril y del 21 al 23 de abril.<\/p>\n<p>Adem\u00e1s de Bad Bunny, quien se convertir\u00e1 en el primer artista latino en encabezar el famoso festival, el grupo femenino de K-Pop Blackpink.<\/p>\n<p>As\u00ed como del estadounidense Frank Ocean son los otros protagonistas destacados de su programaci\u00f3n.<\/p>\n<p>Su edici\u00f3n n\u00famero 22 tambi\u00e9n suma a la espa\u00f1ola Rosal\u00eda, el grupo de rock Gorillaz y la islandesa Bj\u00f6rk.<\/p>\n<p>As\u00ed como a los argentinos Los Fabulosos Cadillacs y las cantantes estadounidenses con ra\u00edces latinas Becky G y Kali Uchis.<\/p>\n","protected":false},"excerpt":{"rendered":"<p>Coachella, que atrae a m\u00e1s de 120.000 personas al d\u00eda. YouTube: El cual se celebrar\u00e1 en California los fines de semana del 14 al 16 de abril y del 21 al 23 de abril. La plataforma emitir\u00e1 en directo las presentaciones de los artistas y difundir\u00e1, por demanda, los videos una vez finalizados los conciertos. [&hellip;]<\/p>\n","protected":false},"author":1,"featured_media":11860,"comment_status":"open","ping_status":"closed","sticky":false,"template":"","format":"standard","meta":{"footnotes":""},"categories":[4],"tags":[],"class_list":["post-11858","post","type-post","status-publish","format-standard","has-post-thumbnail","hentry","category-espectaculos"],"_links":{"self":[{"href":"https:\/\/podernacional.com\/index.php?rest_route=\/wp\/v2\/posts\/11858","targetHints":{"allow":["GET"]}}],"collection":[{"href":"https:\/\/podernacional.com\/index.php?rest_route=\/wp\/v2\/posts"}],"about":[{"href":"https:\/\/podernacional.com\/index.php?rest_route=\/wp\/v2\/types\/post"}],"author":[{"embeddable":true,"href":"https:\/\/podernacional.com\/index.php?rest_route=\/wp\/v2\/users\/1"}],"replies":[{"embeddable":true,"href":"https:\/\/podernacional.com\/index.php?rest_route=%2Fwp%2Fv2%2Fcomments&post=11858"}],"version-history":[{"count":1,"href":"https:\/\/podernacional.com\/index.php?rest_route=\/wp\/v2\/posts\/11858\/revisions"}],"predecessor-version":[{"id":11859,"href":"https:\/\/podernacional.com\/index.php?rest_route=\/wp\/v2\/posts\/11858\/revisions\/11859"}],"wp:featuredmedia":[{"embeddable":true,"href":"https:\/\/podernacional.com\/index.php?rest_route=\/wp\/v2\/media\/11860"}],"wp:attachment":[{"href":"https:\/\/podernacional.com\/index.php?rest_route=%2Fwp%2Fv2%2Fmedia&parent=11858"}],"wp:term":[{"taxonomy":"category","embeddable":true,"href":"https:\/\/podernacional.com\/index.php?rest_route=%2Fwp%2Fv2%2Fcategories&post=11858"},{"taxonomy":"post_tag","embeddable":true,"href":"https:\/\/podernacional.com\/index.php?rest_route=%2Fwp%2Fv2%2Ftags&post=11858"}],"curies":[{"name":"wp","href":"https:\/\/api.w.org\/{rel}","templated":true}]}}