{"id":11864,"date":"2023-01-18T17:15:44","date_gmt":"2023-01-18T22:15:44","guid":{"rendered":"https:\/\/podernacional.com\/?p=11864"},"modified":"2023-01-18T22:15:46","modified_gmt":"2023-01-18T22:15:46","slug":"deportista-e-influencer-en-redes-la-vida-de-ernesto-de-jesus","status":"publish","type":"post","link":"https:\/\/podernacional.com\/?p=11864","title":{"rendered":"Deportista e influencer en redes; la vida de Ernesto de Jes\u00fas"},"content":{"rendered":"<h4>Ernesto conduce Deportes Nocturnos y se prepara para ser un gran profesionista<\/h4>\n<p>Deportista e influencer: \u00abNeto\u00bb entrena y se prepara como profesionista en Comunicaci\u00f3n<\/p>\n<p>El amor que siente por los deportes motiv\u00f3 a Ernesto de Jes\u00fas Ben\u00edtez Carreto a entrenar de lleno futbol, basquetbol,\u00a0a dedicarse al periodismo deportivo.<\/p>\n<p>Adem\u00e1s, Ernesto, de 24 a\u00f1os de edad, es estudiante de Comunicaci\u00f3n en una universidad privada.<\/p>\n<p>As\u00ed como que\u00a0tiene la meta de ser un gran especialista en el \u00e1rea de los deportes.<\/p>\n<p>\u00abNeto\u00bb, como es conocido, es originario de Coatepec, Pueblo M\u00e1gico cercano a Xalapa.<\/p>\n<p>As\u00ed como\u00a0en ambos municipios ha sobresalido por su participaci\u00f3n en equipos de basquetbol y de futbol.<\/p>\n<p>El basquetbol le llam\u00f3 la atenci\u00f3n desde que ten\u00eda 7 a\u00f1os y desde ese momento comenz\u00f3 a practicarlo con una pelota que recibi\u00f3 como obsequio.<\/p>\n<p>Con empe\u00f1o, Ernesto no hizo a un lado su pasi\u00f3n por baloncesto, al grado de que logr\u00f3 perfeccionar sus t\u00e9cnicas y habilidades.<\/p>\n<h4>Jael lleva el break dance al nivel de arte deportivo; su historia<\/h4>\n<p>Durante su trayectoria, form\u00f3 parte del equipo regional Halcones Rojos, que obtuvo el tricampeonato.<\/p>\n<p>En futbol, Neto estuvo en equipos de cuarta divisi\u00f3n y como logros presume con orgullo una medalla de segundo lugar.<\/p>\n<p>En el balompi\u00e9, del 2015 al 2018 estuvo en una filial de la academia Atlas, de la profesional en Coatepec.<\/p>\n<p>As\u00ed como que\u00a0particip\u00f3 en torneos en Xalapa, en donde, junto con su equipo, obtuvo subcampeonatos.<\/p>\n<p>A causa del confinamiento por la pandemia de Covid-19.<\/p>\n<p>Esto\u00a0en los inicios de 2020 Ernesto tuvo que alejarse un poco de los deportes a causa del distanciamiento social.<\/p>\n<p>El cual ser\u00e1\u00a0recomendado por autoridades sanitarias, por lo que comenz\u00f3 a enfocar su carrera de Comunicaci\u00f3n en el \u00e1rea deportiva.<\/p>\n<p>\u00abEn ese entonces no ten\u00eda qu\u00e9 hacer, todo estaba cerrado y fue cuando decid\u00ed hacer periodismo deportivo\u201d.<\/p>\n<p>\u201cAs\u00ed como de\u00a0preparar lo necesario para dar el primer paso\u00bb, se\u00f1ala.<\/p>\n<h4>\u00bfQu\u00e9 es Deportes Nocturnos y c\u00f3mo consigui\u00f3 abrirse paso en redes sociales?<\/h4>\n<p>A \u00e9l le gusta hacer videos e interactuar con las personas, adem\u00e1s de que le apasiona la cr\u00f3nica deportiva.<\/p>\n<p>Esto al grado de que cre\u00f3 su p\u00e1gina deportiva en Facebook, Deportes Nocturnos y comenz\u00f3 a redactar informaci\u00f3n.<\/p>\n<p>Su p\u00e1gina tiene casi 10 mil seguidores de distintos estados del pa\u00eds y del extranjero.<\/p>\n<p>Esto pues Ernesto ha logrado acreditaciones oficiales para difundir informaci\u00f3n de equipos de la liga MX y de otros pa\u00edses.<\/p>\n<p>Dentro de poco espera obtener la autorizaci\u00f3n del Atl\u00e9tico de Madrid para poder participar en conferencias de prensa, a distancia, de ese equipo.<\/p>\n<p>Deportista e influencer en redes; la vida de Ernesto de Jes\u00fas<\/p>\n<p>&nbsp;<\/p>\n","protected":false},"excerpt":{"rendered":"<p>Ernesto conduce Deportes Nocturnos y se prepara para ser un gran profesionista Deportista e influencer: \u00abNeto\u00bb entrena y se prepara como profesionista en Comunicaci\u00f3n El amor que siente por los deportes motiv\u00f3 a Ernesto de Jes\u00fas Ben\u00edtez Carreto a entrenar de lleno futbol, basquetbol,\u00a0a dedicarse al periodismo deportivo. Adem\u00e1s, Ernesto, de 24 a\u00f1os de edad, [&hellip;]<\/p>\n","protected":false},"author":1,"featured_media":11866,"comment_status":"open","ping_status":"closed","sticky":false,"template":"","format":"standard","meta":{"footnotes":""},"categories":[3],"tags":[],"class_list":["post-11864","post","type-post","status-publish","format-standard","has-post-thumbnail","hentry","category-deportes"],"_links":{"self":[{"href":"https:\/\/podernacional.com\/index.php?rest_route=\/wp\/v2\/posts\/11864","targetHints":{"allow":["GET"]}}],"collection":[{"href":"https:\/\/podernacional.com\/index.php?rest_route=\/wp\/v2\/posts"}],"about":[{"href":"https:\/\/podernacional.com\/index.php?rest_route=\/wp\/v2\/types\/post"}],"author":[{"embeddable":true,"href":"https:\/\/podernacional.com\/index.php?rest_route=\/wp\/v2\/users\/1"}],"replies":[{"embeddable":true,"href":"https:\/\/podernacional.com\/index.php?rest_route=%2Fwp%2Fv2%2Fcomments&post=11864"}],"version-history":[{"count":1,"href":"https:\/\/podernacional.com\/index.php?rest_route=\/wp\/v2\/posts\/11864\/revisions"}],"predecessor-version":[{"id":11865,"href":"https:\/\/podernacional.com\/index.php?rest_route=\/wp\/v2\/posts\/11864\/revisions\/11865"}],"wp:featuredmedia":[{"embeddable":true,"href":"https:\/\/podernacional.com\/index.php?rest_route=\/wp\/v2\/media\/11866"}],"wp:attachment":[{"href":"https:\/\/podernacional.com\/index.php?rest_route=%2Fwp%2Fv2%2Fmedia&parent=11864"}],"wp:term":[{"taxonomy":"category","embeddable":true,"href":"https:\/\/podernacional.com\/index.php?rest_route=%2Fwp%2Fv2%2Fcategories&post=11864"},{"taxonomy":"post_tag","embeddable":true,"href":"https:\/\/podernacional.com\/index.php?rest_route=%2Fwp%2Fv2%2Ftags&post=11864"}],"curies":[{"name":"wp","href":"https:\/\/api.w.org\/{rel}","templated":true}]}}