{"id":11867,"date":"2023-01-18T17:19:03","date_gmt":"2023-01-18T22:19:03","guid":{"rendered":"https:\/\/podernacional.com\/?p=11867"},"modified":"2023-01-18T22:19:05","modified_gmt":"2023-01-18T22:19:05","slug":"el-estado-aumenta-un-12-el-gasto-en-tecnologia-para-2023","status":"publish","type":"post","link":"https:\/\/podernacional.com\/?p=11867","title":{"rendered":"El Estado aumenta un 12% el gasto en tecnolog\u00eda para 2023"},"content":{"rendered":"<h4>AdjudicacionesTIC, la plataforma online de an\u00e1lisis y consultor\u00eda que informa y asesora a empresas tecnol\u00f3gica.<\/h4>\n<p><a href=\"https:\/\/whatsappmexico.com\/?p=11592\">Gasto<\/a> en tecnolog\u00eda: Esto en su relaci\u00f3n con entidades y organismos de la Administraci\u00f3n P\u00fablica en Espa\u00f1a y Portugal.<\/p>\n<p>As\u00ed com que\u00a0ha publicado un an\u00e1lisis del gasto previsto en tecnolog\u00eda desde la Administraci\u00f3n General del Estado en los Presupuestos de 2023.<\/p>\n<p>Adem\u00e1s que\u00a0en el que se destaca un crecimiento del 11,96%, casi 250 millones de euros m\u00e1s que en 2022.<\/p>\n<p>Esto\u00a0pasando de los 2.085 millones de euros del a\u00f1o pasado a los 2.334 millones de euros del presente ejercicio.<\/p>\n<p>AdjudicacionesTIC destaca en el an\u00e1lisis llevado a cabo el crecimiento de un 18,23% en el cap\u00edtulo de inversiones.<\/p>\n<p>El cual est\u00e1\u00a0llegando a los 1.323 millones de euros; y el aumento del 4,69% en el cap\u00edtulo de gastos corrientes.<\/p>\n<h4>Esto hasta los 1.011 millones de euros.<\/h4>\n<p>Por su parte, los gastos e inversiones del Mecanismo Europeo de Recuperaci\u00f3n y Resiliencia previstos para este a\u00f1o.<\/p>\n<p>Los cuales suponen un 35% del total de los presupuestos de tecnolog\u00eda, con lo que \u00a0se alcanzar\u00e1n los 1.270 millones de euros.<\/p>\n<p>\u201cLa partida destinada a tecnolog\u00eda en los presupuestos de 2023 para la Administraci\u00f3n General del Estado son extraordinarios\u201d.<\/p>\n<p>\u201cAs\u00ed como, con un importante crecimiento en el cap\u00edtulo 6 de inversiones\u201d, afirma Mar\u00eda P\u00e9rez.<\/p>\n<p>El cual es analista senior en AdjudicacionesTIC.<\/p>\n<p>\u201cEsto nos da una informaci\u00f3n exacta de qu\u00e9 organismos disponen de cu\u00e1nto para gastos e inversiones en inform\u00e1tica\u201d.<\/p>\n<p>As\u00ed como de comunicaciones durante el ejercicio, algo que nos facilita focalizarnos en las actuaciones que esos organismos van a ejecutar.<\/p>\n<p>\u201cEl cual nos permite hacer estimaciones de venta, siempre teniendo en cuenta el car\u00e1cter expectativo m\u00e1s que predictivo de los mismos\u201d.<\/p>\n","protected":false},"excerpt":{"rendered":"<p>AdjudicacionesTIC, la plataforma online de an\u00e1lisis y consultor\u00eda que informa y asesora a empresas tecnol\u00f3gica. Gasto en tecnolog\u00eda: Esto en su relaci\u00f3n con entidades y organismos de la Administraci\u00f3n P\u00fablica en Espa\u00f1a y Portugal. As\u00ed com que\u00a0ha publicado un an\u00e1lisis del gasto previsto en tecnolog\u00eda desde la Administraci\u00f3n General del Estado en los Presupuestos de [&hellip;]<\/p>\n","protected":false},"author":1,"featured_media":11869,"comment_status":"open","ping_status":"closed","sticky":false,"template":"","format":"standard","meta":{"footnotes":""},"categories":[9],"tags":[],"class_list":["post-11867","post","type-post","status-publish","format-standard","has-post-thumbnail","hentry","category-politica"],"_links":{"self":[{"href":"https:\/\/podernacional.com\/index.php?rest_route=\/wp\/v2\/posts\/11867","targetHints":{"allow":["GET"]}}],"collection":[{"href":"https:\/\/podernacional.com\/index.php?rest_route=\/wp\/v2\/posts"}],"about":[{"href":"https:\/\/podernacional.com\/index.php?rest_route=\/wp\/v2\/types\/post"}],"author":[{"embeddable":true,"href":"https:\/\/podernacional.com\/index.php?rest_route=\/wp\/v2\/users\/1"}],"replies":[{"embeddable":true,"href":"https:\/\/podernacional.com\/index.php?rest_route=%2Fwp%2Fv2%2Fcomments&post=11867"}],"version-history":[{"count":1,"href":"https:\/\/podernacional.com\/index.php?rest_route=\/wp\/v2\/posts\/11867\/revisions"}],"predecessor-version":[{"id":11868,"href":"https:\/\/podernacional.com\/index.php?rest_route=\/wp\/v2\/posts\/11867\/revisions\/11868"}],"wp:featuredmedia":[{"embeddable":true,"href":"https:\/\/podernacional.com\/index.php?rest_route=\/wp\/v2\/media\/11869"}],"wp:attachment":[{"href":"https:\/\/podernacional.com\/index.php?rest_route=%2Fwp%2Fv2%2Fmedia&parent=11867"}],"wp:term":[{"taxonomy":"category","embeddable":true,"href":"https:\/\/podernacional.com\/index.php?rest_route=%2Fwp%2Fv2%2Fcategories&post=11867"},{"taxonomy":"post_tag","embeddable":true,"href":"https:\/\/podernacional.com\/index.php?rest_route=%2Fwp%2Fv2%2Ftags&post=11867"}],"curies":[{"name":"wp","href":"https:\/\/api.w.org\/{rel}","templated":true}]}}