{"id":11876,"date":"2023-01-19T11:10:05","date_gmt":"2023-01-19T16:10:05","guid":{"rendered":"https:\/\/podernacional.com\/?p=11876"},"modified":"2023-01-19T16:10:20","modified_gmt":"2023-01-19T16:10:20","slug":"vinculan-a-12-personas-por-ataque-a-ciro-gomez-leyva","status":"publish","type":"post","link":"https:\/\/podernacional.com\/?p=11876","title":{"rendered":"Vinculan a 12 personas por ataque a Ciro G\u00f3mez Leyva"},"content":{"rendered":"<p>Los 12 presuntos integrantes de una c\u00e9lula delictiva que atentaron contra el periodista Ciro G\u00f3mez Leyva fueron vinculados a proceso por delitos contra la salud en su modalidad de posesi\u00f3n con fines de comercio y por portaci\u00f3n de arma de fuego. Se declin\u00f3 competencia a un juez federal.<br \/>\nSin embargo, la Fiscal\u00eda General de Justicia capitalina a\u00fan no imputa el atentado y ataque con armas de fuego en contra del comunicador, a quien hicieron seguimiento desde d\u00edas atr\u00e1s.<br \/>\nEntre los vinculados se encuentran dos piezas clave en la investigaci\u00f3n de la fiscal\u00eda, los autores materiales, Pool Pedro \u201cN\u201d y H\u00e9ctor Eduardo \u201cN\u201d, alias El Bart.<br \/>\nSeg\u00fan la carpeta, Pool Pedro es l\u00edder de la c\u00e9lula desarticulada de extorsi\u00f3n y sicariato, mientras que El Bart es el gatillero enviado para el ataque contra el periodista; sin embargo, ninguno de ellos, ni el resto de los detenidos, han sido imputados por la Fiscal\u00eda General de Justicia por el atentado.<br \/>\nDe hecho, El Bart fue detenido por un delito cometido con anterioridad, robo agravado, por el que fue vinculado a proceso, pero al no cumplir con sus medidas cautelares impuestas tuvo que ser reaprehendido, adem\u00e1s de ser se\u00f1alado como el gatillero.<br \/>\nTras la reaprehensi\u00f3n fue reconducido a su proceso penal, por lo que ya tiene fecha para audiencia intermedia fijada para abril.<br \/>\nEn audiencias que se realizaron en las salas orales del Reclusorio Norte, primero fueron vinculados a proceso Israel y Cintya.<br \/>\nEl juez valor\u00f3 los datos de la carpeta de investigaci\u00f3n y decidi\u00f3 su vinculaci\u00f3n por los delitos de narcomenudeo con fines y posesi\u00f3n de armas de fuego y cartuchos.<br \/>\nFij\u00f3 dos meses de investigaci\u00f3n complementaria por el delito contra la salud y se declar\u00f3 incompetente de seguir conociendo de la posesi\u00f3n de armas y cartuchos.<br \/>\nHoras m\u00e1s tarde fueron vinculados Pool Pedro \u201cN\u201d, Daniela \u201cN\u201d, Erick \u201cN\u201d, Junnu\u00e9n \u201cN\u201d y Sergio \u201cN\u201d; poco despu\u00e9s fue Aniceto \u201cN\u201d.<br \/>\nEn la audiencia en el Reclusorio Norte los ministerios p\u00fablicos presentaron los datos de prueba suficientes para que el juez los vinculara por delitos contra la salud en su modalidad de narcomenudeo.<br \/>\nEl viernes pasado, luego de haberse informado otros datos respecto de las audiencias por el caso, la Fiscal\u00eda General de Justicia de la Ciudad de M\u00e9xico inform\u00f3 que hab\u00edan obtenido la prisi\u00f3n preventiva contra los 12 detenidos.<\/p>\n","protected":false},"excerpt":{"rendered":"<p>Los 12 presuntos integrantes de una c\u00e9lula delictiva que atentaron contra el periodista Ciro G\u00f3mez Leyva fueron vinculados a proceso por delitos contra la salud en su modalidad de posesi\u00f3n con fines de comercio y por portaci\u00f3n de arma de fuego. Se declin\u00f3 competencia a un juez federal. Sin embargo, la Fiscal\u00eda General de Justicia [&hellip;]<\/p>\n","protected":false},"author":1,"featured_media":11878,"comment_status":"open","ping_status":"closed","sticky":false,"template":"","format":"standard","meta":{"footnotes":""},"categories":[7],"tags":[],"class_list":["post-11876","post","type-post","status-publish","format-standard","has-post-thumbnail","hentry","category-nacional"],"_links":{"self":[{"href":"https:\/\/podernacional.com\/index.php?rest_route=\/wp\/v2\/posts\/11876","targetHints":{"allow":["GET"]}}],"collection":[{"href":"https:\/\/podernacional.com\/index.php?rest_route=\/wp\/v2\/posts"}],"about":[{"href":"https:\/\/podernacional.com\/index.php?rest_route=\/wp\/v2\/types\/post"}],"author":[{"embeddable":true,"href":"https:\/\/podernacional.com\/index.php?rest_route=\/wp\/v2\/users\/1"}],"replies":[{"embeddable":true,"href":"https:\/\/podernacional.com\/index.php?rest_route=%2Fwp%2Fv2%2Fcomments&post=11876"}],"version-history":[{"count":1,"href":"https:\/\/podernacional.com\/index.php?rest_route=\/wp\/v2\/posts\/11876\/revisions"}],"predecessor-version":[{"id":11877,"href":"https:\/\/podernacional.com\/index.php?rest_route=\/wp\/v2\/posts\/11876\/revisions\/11877"}],"wp:featuredmedia":[{"embeddable":true,"href":"https:\/\/podernacional.com\/index.php?rest_route=\/wp\/v2\/media\/11878"}],"wp:attachment":[{"href":"https:\/\/podernacional.com\/index.php?rest_route=%2Fwp%2Fv2%2Fmedia&parent=11876"}],"wp:term":[{"taxonomy":"category","embeddable":true,"href":"https:\/\/podernacional.com\/index.php?rest_route=%2Fwp%2Fv2%2Fcategories&post=11876"},{"taxonomy":"post_tag","embeddable":true,"href":"https:\/\/podernacional.com\/index.php?rest_route=%2Fwp%2Fv2%2Ftags&post=11876"}],"curies":[{"name":"wp","href":"https:\/\/api.w.org\/{rel}","templated":true}]}}