{"id":11914,"date":"2023-01-19T17:05:53","date_gmt":"2023-01-19T22:05:53","guid":{"rendered":"https:\/\/podernacional.com\/?p=11914"},"modified":"2023-01-19T22:05:55","modified_gmt":"2023-01-19T22:05:55","slug":"inaugura-gobernadora-maru-campos-primer-congreso-internacional-de-seguridad-publica-en-ciudad-juarez","status":"publish","type":"post","link":"https:\/\/podernacional.com\/?p=11914","title":{"rendered":"Inaugura Gobernadora Maru Campos Primer Congreso Internacional de Seguridad P\u00fablica en Ciudad Ju\u00e1rez"},"content":{"rendered":"<h4>La gobernadora Maru Campos encabez\u00f3 la ceremonia de inauguraci\u00f3n del Primer Congreso Internacional de Seguridad P\u00fablica.<\/h4>\n<p><a href=\"https:\/\/whatsappmexico.com\/?p=11607\">Maru<\/a> Campos: Esto en el estado de Chihuahua, dirigido a los polic\u00edas estatales y municipales, agentes de investigaci\u00f3n, presidentes municipales.<\/p>\n<p>As\u00ed como de\u00a0directores, secretarios de seguridad p\u00fablica y fiscales de todo el pa\u00eds.<\/p>\n<p>El Congreso busca implementar un modelo de profesionalizaci\u00f3n, fortalecimiento, dignificaci\u00f3n y especializaci\u00f3n de las y los polic\u00edas.<\/p>\n<p>Al igual que\u00a0con ponencias impartidas para mandos y autoridades de seguridad p\u00fablica internacionales.<\/p>\n<p>La mandataria expres\u00f3 que para el Gobierno del Estado, el tema de seguridad es una de las prioridades en las que se trabaja diario.<\/p>\n<p>\u00abHoy nos alegra decir que este Congreso viene a sumarse al gran modelo de profesionalizaci\u00f3n, fortalecimiento, dignificaci\u00f3n\u201d.<\/p>\n<p>\u201cAdem\u00e1s de una especializaci\u00f3n de los polic\u00edas que queremos para Chihuahua\u00bb, dijo.<\/p>\n<h4>Explic\u00f3 que la seguridad de Chihuahua se basa en una estrategia integral donde la innovaci\u00f3n y la formaci\u00f3n continua son fundamentales.<\/h4>\n<p>As\u00ed como de\u00a0todo complementado por la plataforma Centinela que es un sistema innovador de videovigilancia e inteligencia artificial.<\/p>\n<p>Al igual que\u00a0la conformaci\u00f3n y el equipamiento de grupos de alta especializaci\u00f3n policial, como la Fuerza Especial SWAT y el Grupo Especial de Detectives.<\/p>\n<p>\u00abEsta gran estrategia de seguridad tambi\u00e9n est\u00e1 logrando la dignificaci\u00f3n de la labor policial, al suministrar a las y los polic\u00edas del Estado patrullas\u201d.<\/p>\n<p>\u201cAdem\u00e1s de\u00a0uniformes, equipamiento bal\u00edstico, de protecci\u00f3n personal, veh\u00edculos t\u00e1cticos blindados, entre otros\u00bb, coment\u00f3.<\/p>\n<p>La gobernadora Maru Campos agreg\u00f3 que su administraci\u00f3n sigue trabajando al l\u00edmite de sus fuerzas y capacidades.<\/p>\n<p>Esto con el prop\u00f3sito de mejorar la vida de las y los chihuahuenses.<\/p>\n","protected":false},"excerpt":{"rendered":"<p>La gobernadora Maru Campos encabez\u00f3 la ceremonia de inauguraci\u00f3n del Primer Congreso Internacional de Seguridad P\u00fablica. Maru Campos: Esto en el estado de Chihuahua, dirigido a los polic\u00edas estatales y municipales, agentes de investigaci\u00f3n, presidentes municipales. As\u00ed como de\u00a0directores, secretarios de seguridad p\u00fablica y fiscales de todo el pa\u00eds. El Congreso busca implementar un modelo [&hellip;]<\/p>\n","protected":false},"author":1,"featured_media":11916,"comment_status":"open","ping_status":"closed","sticky":false,"template":"","format":"standard","meta":{"footnotes":""},"categories":[5],"tags":[],"class_list":["post-11914","post","type-post","status-publish","format-standard","has-post-thumbnail","hentry","category-internacional"],"_links":{"self":[{"href":"https:\/\/podernacional.com\/index.php?rest_route=\/wp\/v2\/posts\/11914","targetHints":{"allow":["GET"]}}],"collection":[{"href":"https:\/\/podernacional.com\/index.php?rest_route=\/wp\/v2\/posts"}],"about":[{"href":"https:\/\/podernacional.com\/index.php?rest_route=\/wp\/v2\/types\/post"}],"author":[{"embeddable":true,"href":"https:\/\/podernacional.com\/index.php?rest_route=\/wp\/v2\/users\/1"}],"replies":[{"embeddable":true,"href":"https:\/\/podernacional.com\/index.php?rest_route=%2Fwp%2Fv2%2Fcomments&post=11914"}],"version-history":[{"count":1,"href":"https:\/\/podernacional.com\/index.php?rest_route=\/wp\/v2\/posts\/11914\/revisions"}],"predecessor-version":[{"id":11915,"href":"https:\/\/podernacional.com\/index.php?rest_route=\/wp\/v2\/posts\/11914\/revisions\/11915"}],"wp:featuredmedia":[{"embeddable":true,"href":"https:\/\/podernacional.com\/index.php?rest_route=\/wp\/v2\/media\/11916"}],"wp:attachment":[{"href":"https:\/\/podernacional.com\/index.php?rest_route=%2Fwp%2Fv2%2Fmedia&parent=11914"}],"wp:term":[{"taxonomy":"category","embeddable":true,"href":"https:\/\/podernacional.com\/index.php?rest_route=%2Fwp%2Fv2%2Fcategories&post=11914"},{"taxonomy":"post_tag","embeddable":true,"href":"https:\/\/podernacional.com\/index.php?rest_route=%2Fwp%2Fv2%2Ftags&post=11914"}],"curies":[{"name":"wp","href":"https:\/\/api.w.org\/{rel}","templated":true}]}}