{"id":11923,"date":"2023-01-20T18:34:24","date_gmt":"2023-01-20T23:34:24","guid":{"rendered":"https:\/\/podernacional.com\/?p=11923"},"modified":"2023-01-20T23:34:25","modified_gmt":"2023-01-20T23:34:25","slug":"festival-vive-latino-se-moderniza-en-2023-pero-mantiene-la-esencia-del-rock","status":"publish","type":"post","link":"https:\/\/podernacional.com\/?p=11923","title":{"rendered":"Festival Vive Latino se moderniza en 2023 pero mantiene la esencia del rock"},"content":{"rendered":"<h4>El director del Festival Vive Latino, Jordi Puig, habla durante una rueda de prensa hoy, en Ciudad de M\u00e9xico (M\u00e9xico).<\/h4>\n<p>Festival Vive Latino: La edici\u00f3n n\u00famero 23 del festival mexicano Vive Latino, cuyo cartel y detalles se anunciaron a la prensa este jueves.<\/p>\n<p>Adem\u00e0s de que\u00a0demostrar\u00e1 los pr\u00f3ximos 18 y 19 de marzo que esta ic\u00f3nica celebraci\u00f3n de la m\u00fasica ha logrado renovarse.<\/p>\n<p>As\u00ec como de\u00a0avanzar pero sin perder su esencia: el rock.<\/p>\n<p>\u201cToca seguir creciendo, (&#8230;) sin olvidar el esp\u00edritu original del festival, que es el rock\u201d, comparti\u00f3 Jordi Puig, director del Vive Latino.<\/p>\n<p>Red Hot Chilli Peppers, Alem\u00e1n, Los Pericos, Los Mirlos, Austin TV, Miranda!, Caligaris, Alt-J, Caf\u00e9 Tacvba, Vivir Quintana, Leiva o Plastilina Mosh.<\/p>\n<p>Esto\u00a0son solo algunos de los numerosos artistas que pasar\u00e1n por los escenarios del Vive Latino.<\/p>\n<p>Adem\u00e0s de\u00a0que sufri\u00f3 por la pandemia pero volvi\u00f3 por todo lo alto en 2022 y este a\u00f1o contin\u00faa por el mismo camino.<\/p>\n<h4>El cartel incluye cada vez m\u00e1s propuestas que se salen del rock tradicional.<\/h4>\n<p>As\u00ec como algo que le cost\u00f3 muchas cr\u00edticas hace algunas ediciones a la organizaci\u00f3n, pero que cada vez se acepta mejor.<\/p>\n<p>Esto porque han logrado que no pierda la esencia de aquel festival que inici\u00f3 como un peque\u00f1o evento en el que refugiar a p\u00fablico.<\/p>\n<p>Al igual que\u00a0bandas de un g\u00e9nero que todav\u00eda era muy minoritario, adem\u00e1s de despreciado por muchos.<\/p>\n<p>\u201cDe unos a\u00f1os para ac\u00e1 lo que funciona para todos (p\u00fablico, bandas, promotores) son los festivales,.<\/p>\n<p>\u201cAs\u00ec como pero cuando empez\u00f3 el Vive no hab\u00eda ning\u00fan festival de este tipo\u201d, dijo Joselo Rangel, de Caf\u00e9 Tacvba.<\/p>\n<h4>Esto en el evento de presentaci\u00f3n del festival para la prensa en el que actuaron Alem\u00e1n, Vivir Quintana y Sergio Arau (de Botellita de Jerez).<\/h4>\n<p>\u201cHa habido altibajos en la escena del rock, pero el festival sigue estando siempre lleno\u201d, a\u00f1adi\u00f3 Rangel.<\/p>\n<p>Al igual de qui\u00e9n dijo estar muy orgulloso de que su banda haya participado en m\u00faltiples ediciones del Vive Latino.<\/p>\n<p>Tambi\u00e9n la Aldea Musical, en la que personas que sue\u00f1an con trabajar en la m\u00fasica o en festivales.<\/p>\n<p>El cual\u00a0podr\u00e1n presenciar conferencias con grandes conocedores y actores de la escena.<\/p>\n","protected":false},"excerpt":{"rendered":"<p>El director del Festival Vive Latino, Jordi Puig, habla durante una rueda de prensa hoy, en Ciudad de M\u00e9xico (M\u00e9xico). Festival Vive Latino: La edici\u00f3n n\u00famero 23 del festival mexicano Vive Latino, cuyo cartel y detalles se anunciaron a la prensa este jueves. Adem\u00e0s de que\u00a0demostrar\u00e1 los pr\u00f3ximos 18 y 19 de marzo que esta [&hellip;]<\/p>\n","protected":false},"author":1,"featured_media":11925,"comment_status":"open","ping_status":"closed","sticky":false,"template":"","format":"standard","meta":{"footnotes":""},"categories":[2],"tags":[],"class_list":["post-11923","post","type-post","status-publish","format-standard","has-post-thumbnail","hentry","category-cultural"],"_links":{"self":[{"href":"https:\/\/podernacional.com\/index.php?rest_route=\/wp\/v2\/posts\/11923","targetHints":{"allow":["GET"]}}],"collection":[{"href":"https:\/\/podernacional.com\/index.php?rest_route=\/wp\/v2\/posts"}],"about":[{"href":"https:\/\/podernacional.com\/index.php?rest_route=\/wp\/v2\/types\/post"}],"author":[{"embeddable":true,"href":"https:\/\/podernacional.com\/index.php?rest_route=\/wp\/v2\/users\/1"}],"replies":[{"embeddable":true,"href":"https:\/\/podernacional.com\/index.php?rest_route=%2Fwp%2Fv2%2Fcomments&post=11923"}],"version-history":[{"count":1,"href":"https:\/\/podernacional.com\/index.php?rest_route=\/wp\/v2\/posts\/11923\/revisions"}],"predecessor-version":[{"id":11924,"href":"https:\/\/podernacional.com\/index.php?rest_route=\/wp\/v2\/posts\/11923\/revisions\/11924"}],"wp:featuredmedia":[{"embeddable":true,"href":"https:\/\/podernacional.com\/index.php?rest_route=\/wp\/v2\/media\/11925"}],"wp:attachment":[{"href":"https:\/\/podernacional.com\/index.php?rest_route=%2Fwp%2Fv2%2Fmedia&parent=11923"}],"wp:term":[{"taxonomy":"category","embeddable":true,"href":"https:\/\/podernacional.com\/index.php?rest_route=%2Fwp%2Fv2%2Fcategories&post=11923"},{"taxonomy":"post_tag","embeddable":true,"href":"https:\/\/podernacional.com\/index.php?rest_route=%2Fwp%2Fv2%2Ftags&post=11923"}],"curies":[{"name":"wp","href":"https:\/\/api.w.org\/{rel}","templated":true}]}}