{"id":11932,"date":"2023-01-20T18:48:05","date_gmt":"2023-01-20T23:48:05","guid":{"rendered":"https:\/\/podernacional.com\/?p=11932"},"modified":"2023-01-20T23:48:07","modified_gmt":"2023-01-20T23:48:07","slug":"sorprende-chihuahua-durante-actividades-de-la-feria-internacional-de-turismo-2023-en-espana","status":"publish","type":"post","link":"https:\/\/podernacional.com\/?p=11932","title":{"rendered":"Sorprende Chihuahua durante actividades de la Feria Internacional de Turismo 2023 en Espa\u00f1a"},"content":{"rendered":"<h4>El Gobierno del Estado, a trav\u00e9s de la Secretar\u00eda de Turismo continu\u00f3 con la promoci\u00f3n de la vocaci\u00f3n tur\u00edstica de Chihuahua.<\/h4>\n<p><a href=\"https:\/\/whatsappmexico.com\/?p=11626\">Sorprende<\/a> Chihuahua: As\u00ec como con su participaci\u00f3n en las actividades de la FITUR 23 al impulsar puntos de valor como el enoturismo, el sotol.<\/p>\n<p>As\u00ec como de la hoteler\u00eda para la atracci\u00f3n de inversi\u00f3n nacional y extranjera.<\/p>\n<p>La comitiva oficial integrada por prestadores de servicios, tour operadores y autoridades gubernamentales.<\/p>\n<p>El cual es encabezada por el secretario de Turismo Edibray G\u00f3mez Gallegos y el director del Fideicomiso de Promoci\u00f3n Tur\u00edstica \u00a1Ah, Chihuahua!<\/p>\n<p>As\u00ec como de\u00a0Julio Ch\u00e1vez Ventura y enfoca sus actividades en ejecutar una agenda con acciones espec\u00edficas que se ha implementado.<\/p>\n<p>Esto\u00a0desde d\u00edas antes del inicio de actividades de la feria tur\u00edstica m\u00e1s importante del mundo.<\/p>\n<p>En tanto, se trabaja de manera coordinada con instancias de diferentes niveles de gobierno, iniciativa privada.<\/p>\n<p>Adem\u00e0s de una sociedad civil para posicionar al sector tur\u00edstico del estado como una oferta competitiva.<\/p>\n<p>Al igual que de calidad a fin de dar impulso a esta vocaci\u00f3n en sus diferentes segmentos como actividad econ\u00f3mica.<\/p>\n<h4>La cual es\u00a0prioritaria para el estado en sus distintas regiones.<\/h4>\n<p>Esta agenda, inici\u00f3 como parte de la primera edici\u00f3n del Foro Empresarial M\u00e9xico y Espa\u00f1a, una Apuesta Empresarial de Futuro.<\/p>\n<p>El cual est\u00e0\u00a0organizado por la Confederaci\u00f3n Espa\u00f1ola de Organizaciones Empresariales (CEOE).<\/p>\n<p>Dicho encuentro tiene por eje rector analizar la realidad econ\u00f3mica y empresarial de M\u00e9xico.<\/p>\n<p>As\u00ec\u00a0como escenario de inversi\u00f3n viable para empresas espa\u00f1olas en b\u00fasqueda de oportunidades.<\/p>\n<p>As\u00ed las autoridades de Chihuahua compartieron con instituciones espa\u00f1olas y empresas.<\/p>\n<p>Sorprende Chihuahua durante actividades de la Feria Internacional<\/p>\n","protected":false},"excerpt":{"rendered":"<p>El Gobierno del Estado, a trav\u00e9s de la Secretar\u00eda de Turismo continu\u00f3 con la promoci\u00f3n de la vocaci\u00f3n tur\u00edstica de Chihuahua. Sorprende Chihuahua: As\u00ec como con su participaci\u00f3n en las actividades de la FITUR 23 al impulsar puntos de valor como el enoturismo, el sotol. As\u00ec como de la hoteler\u00eda para la atracci\u00f3n de inversi\u00f3n [&hellip;]<\/p>\n","protected":false},"author":1,"featured_media":11934,"comment_status":"open","ping_status":"closed","sticky":false,"template":"","format":"standard","meta":{"footnotes":""},"categories":[5],"tags":[],"class_list":["post-11932","post","type-post","status-publish","format-standard","has-post-thumbnail","hentry","category-internacional"],"_links":{"self":[{"href":"https:\/\/podernacional.com\/index.php?rest_route=\/wp\/v2\/posts\/11932","targetHints":{"allow":["GET"]}}],"collection":[{"href":"https:\/\/podernacional.com\/index.php?rest_route=\/wp\/v2\/posts"}],"about":[{"href":"https:\/\/podernacional.com\/index.php?rest_route=\/wp\/v2\/types\/post"}],"author":[{"embeddable":true,"href":"https:\/\/podernacional.com\/index.php?rest_route=\/wp\/v2\/users\/1"}],"replies":[{"embeddable":true,"href":"https:\/\/podernacional.com\/index.php?rest_route=%2Fwp%2Fv2%2Fcomments&post=11932"}],"version-history":[{"count":1,"href":"https:\/\/podernacional.com\/index.php?rest_route=\/wp\/v2\/posts\/11932\/revisions"}],"predecessor-version":[{"id":11933,"href":"https:\/\/podernacional.com\/index.php?rest_route=\/wp\/v2\/posts\/11932\/revisions\/11933"}],"wp:featuredmedia":[{"embeddable":true,"href":"https:\/\/podernacional.com\/index.php?rest_route=\/wp\/v2\/media\/11934"}],"wp:attachment":[{"href":"https:\/\/podernacional.com\/index.php?rest_route=%2Fwp%2Fv2%2Fmedia&parent=11932"}],"wp:term":[{"taxonomy":"category","embeddable":true,"href":"https:\/\/podernacional.com\/index.php?rest_route=%2Fwp%2Fv2%2Fcategories&post=11932"},{"taxonomy":"post_tag","embeddable":true,"href":"https:\/\/podernacional.com\/index.php?rest_route=%2Fwp%2Fv2%2Ftags&post=11932"}],"curies":[{"name":"wp","href":"https:\/\/api.w.org\/{rel}","templated":true}]}}