{"id":11956,"date":"2023-01-22T11:17:42","date_gmt":"2023-01-22T16:17:42","guid":{"rendered":"https:\/\/podernacional.com\/?p=11956"},"modified":"2023-01-22T16:17:44","modified_gmt":"2023-01-22T16:17:44","slug":"vuelve-el-festival-poesia-ya-a-buenos-aires-dura-diez-dias-y-se-hace-en-cuatro-sedes","status":"publish","type":"post","link":"https:\/\/podernacional.com\/?p=11956","title":{"rendered":"Vuelve el Festival Poes\u00eda Ya! a Buenos Aires: dura diez d\u00edas y se hace en cuatro sedes"},"content":{"rendered":"<h4>Conciertos, performances, talleres, encuentros magistrales y charlas con reconocidos poetas nacionales.<\/h4>\n<p><a href=\"https:\/\/whatsappmexico.com\/\">Festival<\/a> Poes\u00eda Ya: As\u00ed como de extranjeros forman parte de la programaci\u00f3n del encuentro que naci\u00f3 en 2021<\/p>\n<p>Apartir del 3 de febrero, oleadas po\u00e9ticas rivalizar\u00e1n con las de calor en la ciudad de Buenos Aires.<\/p>\n<p>Hasta el 12, con la presencia de invitados nacionales y extranjeros, se celebra la tercera edici\u00f3n del Festival Internacional Poes\u00eda Ya!.<\/p>\n<p>El cual naci\u00f3 como un ciclo en la temporada semipand\u00e9mica de 2021. Adem\u00e1s de lecturas de poemas, habr\u00e1 talleres, clases magistrales.<\/p>\n<p>As\u00ed como de\u00a0muestras, presentaciones de libros, feria de libros y fanzines, proyecci\u00f3n de documentales, conciertos y performances.<\/p>\n<h4>Esto durante diez d\u00edas, se desarrollar\u00e1n m\u00e1s de cien actividades en cuatro sedes; todas son gratuitas pero en algunos casos .<\/h4>\n<p>Las sedes de Poes\u00eda Ya! ser\u00e1n el Centro Cultural Kirchner (CCK, Sarmiento 151), el Centro Cultural Borges (Viamonte 525).<\/p>\n<p>Adem\u00e1s de la Casa Patria Grande (Carlos Pellegrini 1285) y -como el pueblo quiere saber de qu\u00e9 se trata con o sin versos- .<\/p>\n<p>As\u00ed como del Museo Hist\u00f3rico Nacional del Cabildo y la Revoluci\u00f3n de Mayo, en Bol\u00edvar 65.<\/p>\n<p>El viernes 10 a las 14 se lanzar\u00e1 la tercera edici\u00f3n del Premio Nacional de Poes\u00eda Storni a un libro in\u00e9dito.<\/p>\n<p>El cual\u00a0naci\u00f3 con Poes\u00eda Ya! y este a\u00f1o tendr\u00e1 como jurado a los escritores Mar\u00eda Teresa Andruetto, Carlos Battilana y Silvio Mattoni.<\/p>\n<p>Adem\u00e1s, se presentar\u00e1 la antolog\u00eda Stornis, publicada por Eudeba con una selecci\u00f3n de los libros ganadores en las anteriores ediciones del premio.<\/p>\n","protected":false},"excerpt":{"rendered":"<p>Conciertos, performances, talleres, encuentros magistrales y charlas con reconocidos poetas nacionales. Festival Poes\u00eda Ya: As\u00ed como de extranjeros forman parte de la programaci\u00f3n del encuentro que naci\u00f3 en 2021 Apartir del 3 de febrero, oleadas po\u00e9ticas rivalizar\u00e1n con las de calor en la ciudad de Buenos Aires. Hasta el 12, con la presencia de invitados [&hellip;]<\/p>\n","protected":false},"author":1,"featured_media":11958,"comment_status":"open","ping_status":"closed","sticky":false,"template":"","format":"standard","meta":{"footnotes":""},"categories":[2],"tags":[],"class_list":["post-11956","post","type-post","status-publish","format-standard","has-post-thumbnail","hentry","category-cultural"],"_links":{"self":[{"href":"https:\/\/podernacional.com\/index.php?rest_route=\/wp\/v2\/posts\/11956","targetHints":{"allow":["GET"]}}],"collection":[{"href":"https:\/\/podernacional.com\/index.php?rest_route=\/wp\/v2\/posts"}],"about":[{"href":"https:\/\/podernacional.com\/index.php?rest_route=\/wp\/v2\/types\/post"}],"author":[{"embeddable":true,"href":"https:\/\/podernacional.com\/index.php?rest_route=\/wp\/v2\/users\/1"}],"replies":[{"embeddable":true,"href":"https:\/\/podernacional.com\/index.php?rest_route=%2Fwp%2Fv2%2Fcomments&post=11956"}],"version-history":[{"count":1,"href":"https:\/\/podernacional.com\/index.php?rest_route=\/wp\/v2\/posts\/11956\/revisions"}],"predecessor-version":[{"id":11957,"href":"https:\/\/podernacional.com\/index.php?rest_route=\/wp\/v2\/posts\/11956\/revisions\/11957"}],"wp:featuredmedia":[{"embeddable":true,"href":"https:\/\/podernacional.com\/index.php?rest_route=\/wp\/v2\/media\/11958"}],"wp:attachment":[{"href":"https:\/\/podernacional.com\/index.php?rest_route=%2Fwp%2Fv2%2Fmedia&parent=11956"}],"wp:term":[{"taxonomy":"category","embeddable":true,"href":"https:\/\/podernacional.com\/index.php?rest_route=%2Fwp%2Fv2%2Fcategories&post=11956"},{"taxonomy":"post_tag","embeddable":true,"href":"https:\/\/podernacional.com\/index.php?rest_route=%2Fwp%2Fv2%2Ftags&post=11956"}],"curies":[{"name":"wp","href":"https:\/\/api.w.org\/{rel}","templated":true}]}}