{"id":11965,"date":"2023-01-22T12:09:19","date_gmt":"2023-01-22T17:09:19","guid":{"rendered":"https:\/\/podernacional.com\/?p=11965"},"modified":"2023-01-22T17:09:21","modified_gmt":"2023-01-22T17:09:21","slug":"llegan-450-000-galones-de-gasolina-colombiana-al-puente-internacional-rumichaca","status":"publish","type":"post","link":"https:\/\/podernacional.com\/?p=11965","title":{"rendered":"Llegan 450.000 galones de gasolina colombiana al puente internacional Rumichaca"},"content":{"rendered":"<h4>El combustible procedente de Neiva permitir\u00e1 cumplir con las metas de abastecimiento a Nari\u00f1o.<\/h4>\n<p>Galones de gasolina: El problema de desabastecimiento de combustible en el departamento de Nari\u00f1o.<\/p>\n<p>El cual\u00a0estar\u00eda por alcanzar una soluci\u00f3n temporal con la llegada de 44 carrotanques provenientes de Neiva, por carreteras ecuatorianas.<\/p>\n<p>El convoy con el derivado colombiano ingres\u00f3 el viernes en la noche por el puente internacional San Miguel, en Sucumb\u00edos.<\/p>\n<p>El cual\u00a0continu\u00f3 por la ruta Lago Agrio &#8211; Coca &#8211; Quito &#8211; Tulc\u00e1n &#8211; Rumichaca &#8211; Ipiales &#8211; Pasto.<\/p>\n<p>\u201cRecibimos la caravana con 45 carrotanques que llegan al Puente Rumichaca, frontera con Ecuador\u201d.<\/p>\n<p>\u201cSon 450 mil galones de combustibles l\u00edquidos procedentes de Neiva que nos permitir\u00e1n seguir cumpliendo\u201d.<\/p>\n<p>\u201cCon dichas\u00a0metas de abastecimiento para el departamento\u201d, escribi\u00f3 en su cuenta de Twitter la ministra de Minas, Irene V\u00e9lez.<\/p>\n<h4>El carburante ser\u00e1 distribuido a 56 poblaciones del departamento fronterizo con Ecuador.<\/h4>\n<p>Eduardo Enr\u00edquez Caicedo, viceministro de Transporte, quien estuvo al tanto en el puente internacional de Rumichaca.<\/p>\n<p>As\u00ed como para verificar el ingreso de la flota de tractocamiones, indic\u00f3 que este lunes arribar\u00e1 al puerto de Tumaco.<\/p>\n<p>Esto en un barco con un mill\u00f3n 700 mil galones m\u00e1s para enfrentar la crisis de abastecimiento.<\/p>\n<p>Los m\u00e1s de dos millones de galones podr\u00edan solucionar el suministro durante los pr\u00f3ximos 15 d\u00edas, coment\u00f3 Enr\u00edquez.<\/p>\n<p>En Ipiales se realiza un Consejo Extraordinario de Ministros convocado por el presidente Gustavo Petro.<\/p>\n<p>El cual\u00a0escuchar\u00e1 a los sectores productivos y gremios del departamento, que est\u00e1 aislado tras un deslave registrado el 9 de enero en Rosas, Cauca.<\/p>\n<h4>Ese d\u00eda se deslizaron entre ocho y nueve millones de metros c\u00fabicos de tierra, que borraron la carretera Panamericana.<\/h4>\n<p>Hay expectativa sobre esta reuni\u00f3n que definir\u00eda un plan para enfrentar la emergencia.<\/p>\n<p>El cual\u00a0podr\u00eda extenderse por varios meses hasta que est\u00e9 lista la construcci\u00f3n del empalme vial.<\/p>\n<p>Los gremios de la producci\u00f3n de Nari\u00f1o han manifestado que las p\u00e9rdidas son incuantificables.<\/p>\n<p>Esto\u00a0siendo los sectores como los de la leche, papa, construcci\u00f3n, transporte de carga, entre otros, los m\u00e1s golpeados.<\/p>\n<p>Llegan 450.000 galones de gasolina colombiana al puente internacional<\/p>\n","protected":false},"excerpt":{"rendered":"<p>El combustible procedente de Neiva permitir\u00e1 cumplir con las metas de abastecimiento a Nari\u00f1o. Galones de gasolina: El problema de desabastecimiento de combustible en el departamento de Nari\u00f1o. El cual\u00a0estar\u00eda por alcanzar una soluci\u00f3n temporal con la llegada de 44 carrotanques provenientes de Neiva, por carreteras ecuatorianas. El convoy con el derivado colombiano ingres\u00f3 el [&hellip;]<\/p>\n","protected":false},"author":1,"featured_media":11967,"comment_status":"open","ping_status":"closed","sticky":false,"template":"","format":"standard","meta":{"footnotes":""},"categories":[5],"tags":[],"class_list":["post-11965","post","type-post","status-publish","format-standard","has-post-thumbnail","hentry","category-internacional"],"_links":{"self":[{"href":"https:\/\/podernacional.com\/index.php?rest_route=\/wp\/v2\/posts\/11965","targetHints":{"allow":["GET"]}}],"collection":[{"href":"https:\/\/podernacional.com\/index.php?rest_route=\/wp\/v2\/posts"}],"about":[{"href":"https:\/\/podernacional.com\/index.php?rest_route=\/wp\/v2\/types\/post"}],"author":[{"embeddable":true,"href":"https:\/\/podernacional.com\/index.php?rest_route=\/wp\/v2\/users\/1"}],"replies":[{"embeddable":true,"href":"https:\/\/podernacional.com\/index.php?rest_route=%2Fwp%2Fv2%2Fcomments&post=11965"}],"version-history":[{"count":1,"href":"https:\/\/podernacional.com\/index.php?rest_route=\/wp\/v2\/posts\/11965\/revisions"}],"predecessor-version":[{"id":11966,"href":"https:\/\/podernacional.com\/index.php?rest_route=\/wp\/v2\/posts\/11965\/revisions\/11966"}],"wp:featuredmedia":[{"embeddable":true,"href":"https:\/\/podernacional.com\/index.php?rest_route=\/wp\/v2\/media\/11967"}],"wp:attachment":[{"href":"https:\/\/podernacional.com\/index.php?rest_route=%2Fwp%2Fv2%2Fmedia&parent=11965"}],"wp:term":[{"taxonomy":"category","embeddable":true,"href":"https:\/\/podernacional.com\/index.php?rest_route=%2Fwp%2Fv2%2Fcategories&post=11965"},{"taxonomy":"post_tag","embeddable":true,"href":"https:\/\/podernacional.com\/index.php?rest_route=%2Fwp%2Fv2%2Ftags&post=11965"}],"curies":[{"name":"wp","href":"https:\/\/api.w.org\/{rel}","templated":true}]}}