{"id":11971,"date":"2023-01-22T12:32:54","date_gmt":"2023-01-22T17:32:54","guid":{"rendered":"https:\/\/podernacional.com\/?p=11971"},"modified":"2023-01-22T17:32:56","modified_gmt":"2023-01-22T17:32:56","slug":"ni-el-metaverso-ni-la-web3-bill-gates-afirma-cual-sera-el-futuro-de-la-tecnologia","status":"publish","type":"post","link":"https:\/\/podernacional.com\/?p=11971","title":{"rendered":"Ni el metaverso, ni la web3: Bill Gates afirma cu\u00e1l ser\u00e1 el futuro de la tecnolog\u00eda"},"content":{"rendered":"<h4>Seg\u00fan el magnate, el desarrollo de las IA es el futuro para la nueva revoluci\u00f3n tecnol\u00f3gica<\/h4>\n<p>Bill Gates: El cofundador de Microsoft, fil\u00e1ntropos y ahora magnate popular por sus predicciones.<\/p>\n<p>Por ende, Bill Gates, tuvo una sesi\u00f3n de AMA (Ask Me Anything) en Reddit en donde ha contestado todo tipo de preguntas.<\/p>\n<p>Gates, habl\u00f3 de su celular, del futuro y de las tendencias tecnol\u00f3gicas que han tomado espacio en el mundo.<\/p>\n<p>MIRA: \u00bfRealmente Bill Gates est\u00e1 apostando por la tecnolog\u00eda de tatuajes electr\u00f3nicos?<\/p>\n<p>Por ejemplo, la hablar de Inteligencia Artificial (IA) y su imparto se\u00f1al\u00f3 que ah\u00ed si estar\u00eda el futuro y dijo que al ver como funcionaba ChatGPT.<\/p>\n<p>El cual explicaba que \u201cda una idea de lo que est\u00e1 por venir. Me impresiona todo este planteamiento y el ritmo de innovaci\u00f3n\u201d.<\/p>\n<p>En el caso de la inteligencia artificial generativa que se usa en motores como DALL-E 2, Stable Diffusion o ChatGPT.<\/p>\n<p>Gates apunt\u00f3, \u201cestoy bastante impresionado con el ritmo de mejora de estas IA. Creo que tendr\u00e1n un impacto enorme.<\/p>\n<p>Pens\u00e1ndolo en el contexto de la Fundaci\u00f3n Gates, queremos tener tutores que ayuden a los ni\u00f1os a aprender matem\u00e1ticas y mantener su inter\u00e9s.<\/p>\n<p>Queremos ayuda m\u00e9dica para la gente de \u00c1frica que no puede acceder a un m\u00e9dico.<\/p>\n<p>Sigo trabajando con Microsoft, as\u00ed que estoy siguiendo esto muy de cerca\u201d.<\/p>\n<h4>El que si no sali\u00f3 bien librado fue el Web3.<\/h4>\n<p>Por ende,\u00a0\u201cno creo que fuera tan grande o que ese asunto del metaverso fuera revolucionario pero la IA es muy revolucionaria\u201d, explic\u00f3 .<\/p>\n<p>Al hablar de las acciones en el Cambio Clim\u00e1tico dijo que a\u00fan hay mucho qu\u00e9 hacer individualmente.<\/p>\n<p>Adem\u00e1s de que se pueden tomar acciones y que aunque no se sientan grandes, tienen un efecto.<\/p>\n<p>\u201cEres votante, consumidor, otorgador, y trabajador. En cada uno de esos papeles puedes ayudar. Comprar un auto el\u00e9ctrico ayuda\u201d.<\/p>\n<p>Habr\u00e1 opciones para pagar un poco m\u00e1s para compensar tus emisiones de viaje en vuelos (Hago esto para todas mis emisiones y las de mi familia).<\/p>\n<p>Necesitamos apoyar el clima desde los dos partidos en Estados Unidos y en todos los pa\u00edses. Mantenerse con esperanza es una buena acci\u00f3n\u201d, expuso.<\/p>\n","protected":false},"excerpt":{"rendered":"<p>Seg\u00fan el magnate, el desarrollo de las IA es el futuro para la nueva revoluci\u00f3n tecnol\u00f3gica Bill Gates: El cofundador de Microsoft, fil\u00e1ntropos y ahora magnate popular por sus predicciones. Por ende, Bill Gates, tuvo una sesi\u00f3n de AMA (Ask Me Anything) en Reddit en donde ha contestado todo tipo de preguntas. Gates, habl\u00f3 de [&hellip;]<\/p>\n","protected":false},"author":1,"featured_media":11973,"comment_status":"open","ping_status":"closed","sticky":false,"template":"","format":"standard","meta":{"footnotes":""},"categories":[13],"tags":[],"class_list":["post-11971","post","type-post","status-publish","format-standard","has-post-thumbnail","hentry","category-tecnologia"],"_links":{"self":[{"href":"https:\/\/podernacional.com\/index.php?rest_route=\/wp\/v2\/posts\/11971","targetHints":{"allow":["GET"]}}],"collection":[{"href":"https:\/\/podernacional.com\/index.php?rest_route=\/wp\/v2\/posts"}],"about":[{"href":"https:\/\/podernacional.com\/index.php?rest_route=\/wp\/v2\/types\/post"}],"author":[{"embeddable":true,"href":"https:\/\/podernacional.com\/index.php?rest_route=\/wp\/v2\/users\/1"}],"replies":[{"embeddable":true,"href":"https:\/\/podernacional.com\/index.php?rest_route=%2Fwp%2Fv2%2Fcomments&post=11971"}],"version-history":[{"count":1,"href":"https:\/\/podernacional.com\/index.php?rest_route=\/wp\/v2\/posts\/11971\/revisions"}],"predecessor-version":[{"id":11972,"href":"https:\/\/podernacional.com\/index.php?rest_route=\/wp\/v2\/posts\/11971\/revisions\/11972"}],"wp:featuredmedia":[{"embeddable":true,"href":"https:\/\/podernacional.com\/index.php?rest_route=\/wp\/v2\/media\/11973"}],"wp:attachment":[{"href":"https:\/\/podernacional.com\/index.php?rest_route=%2Fwp%2Fv2%2Fmedia&parent=11971"}],"wp:term":[{"taxonomy":"category","embeddable":true,"href":"https:\/\/podernacional.com\/index.php?rest_route=%2Fwp%2Fv2%2Fcategories&post=11971"},{"taxonomy":"post_tag","embeddable":true,"href":"https:\/\/podernacional.com\/index.php?rest_route=%2Fwp%2Fv2%2Ftags&post=11971"}],"curies":[{"name":"wp","href":"https:\/\/api.w.org\/{rel}","templated":true}]}}