{"id":11995,"date":"2023-01-23T14:29:40","date_gmt":"2023-01-23T19:29:40","guid":{"rendered":"https:\/\/podernacional.com\/?p=11995"},"modified":"2023-01-23T19:30:00","modified_gmt":"2023-01-23T19:30:00","slug":"muere-polo-polo-a-los-78-anos-de-edad","status":"publish","type":"post","link":"https:\/\/podernacional.com\/?p=11995","title":{"rendered":"Muere Polo Polo a los 78 a\u00f1os de edad"},"content":{"rendered":"<p>El comediante Leopoldo Roberto Garc\u00eda Pel\u00e1ez Ben\u00edtez, mejor conocido como \u2018Polo Polo\u2018, muri\u00f3 a los 78 a\u00f1os de edad.<br \/>\nLa noticia fue dada a conocer en el programa Cu\u00e9ntamelo Ya, donde se inform\u00f3 que el comediante sufri\u00f3 un paro cardiaco.<br \/>\nPolo Polo fue uno de los m\u00e1ximos exponentes de la comedia de doble sentido en M\u00e9xico, si bien se retir\u00f3 en 2016.<br \/>\nAunque nunca revel\u00f3 el motivo de su retiro se especula que se debi\u00f3 a problemas de salud.<br \/>\nNacido en Le\u00f3n, Guanajuato, Leopoldo Garc\u00eda despunt\u00f3 a nivel nacional con su comedia en los a\u00f1os 90.<br \/>\nSu \u00e9xito lo llev\u00f3 a Estados Unidos, donde realiz\u00f3 varias giras.<br \/>\nTambi\u00e9n incursion\u00f3 en el cine y la televisi\u00f3n.<\/p>\n","protected":false},"excerpt":{"rendered":"<p>El comediante Leopoldo Roberto Garc\u00eda Pel\u00e1ez Ben\u00edtez, mejor conocido como \u2018Polo Polo\u2018, muri\u00f3 a los 78 a\u00f1os de edad. La noticia fue dada a conocer en el programa Cu\u00e9ntamelo Ya, donde se inform\u00f3 que el comediante sufri\u00f3 un paro cardiaco. Polo Polo fue uno de los m\u00e1ximos exponentes de la comedia de doble sentido en [&hellip;]<\/p>\n","protected":false},"author":1,"featured_media":11997,"comment_status":"open","ping_status":"closed","sticky":false,"template":"","format":"standard","meta":{"footnotes":""},"categories":[4],"tags":[],"class_list":["post-11995","post","type-post","status-publish","format-standard","has-post-thumbnail","hentry","category-espectaculos"],"_links":{"self":[{"href":"https:\/\/podernacional.com\/index.php?rest_route=\/wp\/v2\/posts\/11995","targetHints":{"allow":["GET"]}}],"collection":[{"href":"https:\/\/podernacional.com\/index.php?rest_route=\/wp\/v2\/posts"}],"about":[{"href":"https:\/\/podernacional.com\/index.php?rest_route=\/wp\/v2\/types\/post"}],"author":[{"embeddable":true,"href":"https:\/\/podernacional.com\/index.php?rest_route=\/wp\/v2\/users\/1"}],"replies":[{"embeddable":true,"href":"https:\/\/podernacional.com\/index.php?rest_route=%2Fwp%2Fv2%2Fcomments&post=11995"}],"version-history":[{"count":1,"href":"https:\/\/podernacional.com\/index.php?rest_route=\/wp\/v2\/posts\/11995\/revisions"}],"predecessor-version":[{"id":11996,"href":"https:\/\/podernacional.com\/index.php?rest_route=\/wp\/v2\/posts\/11995\/revisions\/11996"}],"wp:featuredmedia":[{"embeddable":true,"href":"https:\/\/podernacional.com\/index.php?rest_route=\/wp\/v2\/media\/11997"}],"wp:attachment":[{"href":"https:\/\/podernacional.com\/index.php?rest_route=%2Fwp%2Fv2%2Fmedia&parent=11995"}],"wp:term":[{"taxonomy":"category","embeddable":true,"href":"https:\/\/podernacional.com\/index.php?rest_route=%2Fwp%2Fv2%2Fcategories&post=11995"},{"taxonomy":"post_tag","embeddable":true,"href":"https:\/\/podernacional.com\/index.php?rest_route=%2Fwp%2Fv2%2Ftags&post=11995"}],"curies":[{"name":"wp","href":"https:\/\/api.w.org\/{rel}","templated":true}]}}