{"id":12001,"date":"2023-01-23T17:16:53","date_gmt":"2023-01-23T22:16:53","guid":{"rendered":"https:\/\/podernacional.com\/?p=12001"},"modified":"2023-01-23T22:16:55","modified_gmt":"2023-01-23T22:16:55","slug":"umbra-light-festival-fomenta-la-empatia-a-traves-del-arte-luminico","status":"publish","type":"post","link":"https:\/\/podernacional.com\/?p=12001","title":{"rendered":"Umbra light festival fomenta la empat\u00eda a trav\u00e9s del arte lum\u00ednico"},"content":{"rendered":"<h4>Umbra Light Festival Vitoria-Gasteiz 2023<\/h4>\n<p>Umbra light: El festival de arte lum\u00ednico Umbra Light Festival Vitoria-Gasteiz, que se celebrar\u00e1 en la capital vasca del 9 al 11 de febrero de 2023.<\/p>\n<p>As\u00ed como que\u00a0crece y se expande con un mayor n\u00famero de artistas y de intervenciones emplazadas en espacios exteriores e interiores de la ciudad.<\/p>\n<p>Adem\u00e1s,\u00a0en la que ser\u00e1 su tercera edici\u00f3n.Impulsado por el Gobierno Vasco, la Diputaci\u00f3n Foral de \u00c1lava y el Ayuntamiento de Vitoria-Gasteiz.<\/p>\n<p>El cual est\u00e1\u00a0organizado por ARGIA 3 Asociaci\u00f3n Cultural, el festival se ha convertido tras dos exitosas ediciones.<\/p>\n<p>Esto\u00a0en un referente nacional e internacional en el campo experimental, tecnol\u00f3gico y social del mundo del arte lum\u00ednico y los festivales de iluminaci\u00f3n.<\/p>\n<p>El lema de la edici\u00f3n de 2023 es \u201cEMPAT\u00cdA\u201d, una emoci\u00f3n estrechamente relacionada con el altruismo, el amor.<\/p>\n<p>As\u00ed como de\u00a0la preocupaci\u00f3n y la capacidad de ayuda, una intenci\u00f3n muy necesaria hoy en d\u00eda que para alcanzar un futuro sostenible.<\/p>\n<p>En este sentido, el equipo de comisarios ha solicitado a los artistas seleccionados que expresen.<\/p>\n<p>Al igual de que\u00a0promuevan con sus instalaciones lum\u00ednicas diferentes maneras de acercarse a este concepto.<\/p>\n<h4>El cual es\u00a0para invitar a los visitantes a reflexionar sobre la importancia de la implicaci\u00f3n personal a la hora de lograr una sociedad equilibrada.<\/h4>\n<p>Umbra Light Festival se desarrollar\u00e1 en el centro hist\u00f3rico de la ciudad y en otras zonas relevantes, estructur\u00e1ndose a trav\u00e9s de distintos recorridos.<\/p>\n<p>Este a\u00f1o, partiendo desde la Plaza de la Virgen Blanca, el festival se extiende hacia el sudoeste hasta el parque del Prado.<\/p>\n<p>Esto\u00a0hacia el oeste hasta el Palacio de Congresos Europa y por el este hasta la Plaza de Santa B\u00e1rbara.<\/p>\n<p>Tambi\u00e9n se incorporan espacios interiores como el Centro de Exposiciones de \u00a0la Fundaci\u00f3n Vital o el Palacio de Congresos Europa.<\/p>\n<p>As\u00ed como que\u00a0se retoman otros interiores como la cripta de la catedral de Santa Mar\u00eda.<\/p>\n<p>Adem\u00e1s del Dep\u00f3sito de Aguas del Centro Cultural Montehermoso.<\/p>\n<p>Se han buscado espacios abiertos como el Parque del Prado o la Plaza de Sta. B\u00e1rbara para facilitar una mayor afluencia de p\u00fablico, priorizando comodidad.<\/p>\n","protected":false},"excerpt":{"rendered":"<p>Umbra Light Festival Vitoria-Gasteiz 2023 Umbra light: El festival de arte lum\u00ednico Umbra Light Festival Vitoria-Gasteiz, que se celebrar\u00e1 en la capital vasca del 9 al 11 de febrero de 2023. As\u00ed como que\u00a0crece y se expande con un mayor n\u00famero de artistas y de intervenciones emplazadas en espacios exteriores e interiores de la ciudad. [&hellip;]<\/p>\n","protected":false},"author":1,"featured_media":12003,"comment_status":"open","ping_status":"closed","sticky":false,"template":"","format":"standard","meta":{"footnotes":""},"categories":[2],"tags":[],"class_list":["post-12001","post","type-post","status-publish","format-standard","has-post-thumbnail","hentry","category-cultural"],"_links":{"self":[{"href":"https:\/\/podernacional.com\/index.php?rest_route=\/wp\/v2\/posts\/12001","targetHints":{"allow":["GET"]}}],"collection":[{"href":"https:\/\/podernacional.com\/index.php?rest_route=\/wp\/v2\/posts"}],"about":[{"href":"https:\/\/podernacional.com\/index.php?rest_route=\/wp\/v2\/types\/post"}],"author":[{"embeddable":true,"href":"https:\/\/podernacional.com\/index.php?rest_route=\/wp\/v2\/users\/1"}],"replies":[{"embeddable":true,"href":"https:\/\/podernacional.com\/index.php?rest_route=%2Fwp%2Fv2%2Fcomments&post=12001"}],"version-history":[{"count":1,"href":"https:\/\/podernacional.com\/index.php?rest_route=\/wp\/v2\/posts\/12001\/revisions"}],"predecessor-version":[{"id":12002,"href":"https:\/\/podernacional.com\/index.php?rest_route=\/wp\/v2\/posts\/12001\/revisions\/12002"}],"wp:featuredmedia":[{"embeddable":true,"href":"https:\/\/podernacional.com\/index.php?rest_route=\/wp\/v2\/media\/12003"}],"wp:attachment":[{"href":"https:\/\/podernacional.com\/index.php?rest_route=%2Fwp%2Fv2%2Fmedia&parent=12001"}],"wp:term":[{"taxonomy":"category","embeddable":true,"href":"https:\/\/podernacional.com\/index.php?rest_route=%2Fwp%2Fv2%2Fcategories&post=12001"},{"taxonomy":"post_tag","embeddable":true,"href":"https:\/\/podernacional.com\/index.php?rest_route=%2Fwp%2Fv2%2Ftags&post=12001"}],"curies":[{"name":"wp","href":"https:\/\/api.w.org\/{rel}","templated":true}]}}