{"id":12013,"date":"2023-01-23T19:27:42","date_gmt":"2023-01-24T00:27:42","guid":{"rendered":"https:\/\/podernacional.com\/?p=12013"},"modified":"2023-01-24T00:27:47","modified_gmt":"2023-01-24T00:27:47","slug":"bloqueo-en-la-zona-hotelera-de-cancun-provoco-que-turistas-caminaran-kilometros-rumbo-al-aeropuerto","status":"publish","type":"post","link":"https:\/\/podernacional.com\/?p=12013","title":{"rendered":"Bloqueo en la zona hotelera de Canc\u00fan provoc\u00f3 que turistas caminaran kil\u00f3metros rumbo al aeropuerto"},"content":{"rendered":"<h4>Diversos taxistas impusieron un bloqueo en los accesos a la zona hotelera de Canc\u00fan, Quintana Roo, por lo que cientos de turistas.<\/h4>\n<p>Bloqueo en la zona hotelera: As\u00ed como de locales tuvieron que caminar varios kil\u00f3metros para llegar al Aeropuerto Internacional de Canc\u00fan.<\/p>\n<p>La cuenta oficial de Aerom\u00e9xico alert\u00f3 sobre las afectaciones e invit\u00f3 a tomar precauciones.<\/p>\n<p>Sindicato de taxistas justific\u00f3 intimidaci\u00f3n a usuarios y choferes de Uber en Canc\u00fan: \u201cHemos sido pacientes\u201d<\/p>\n<p>El sindicato se pronunci\u00f3 ante la violencia que sus sindicalizados perpetraron contra turistas y choferes de la aplicaci\u00f3n Uber en la zona hotelera de Canc\u00fan<\/p>\n<p>Fue a lo largo del Boulevard Kukulk\u00e1n que decenas de taxistas atravesaron sus veh\u00edculos para impedir el paso a la zona hotelera.<\/p>\n<p>Esto como respuesta a la entrada de transporte por aplicaci\u00f3n \u2014como Uber\u2014 en la regi\u00f3n.<\/p>\n<p>As\u00ed como en contra de las detenciones a taxistas que agredieron a conductores de dicha plataforma.<\/p>\n<p>\u201cEn este momento se reportan bloqueos en la zona hotelera de Canc\u00fan, afectando la circulaci\u00f3n hacia y desde el Aeropuerto de Canc\u00fan\u201d.<\/p>\n<h4>Por ende, te sugerimos tomar precauciones y anticipar tu llegada\u201d, comunic\u00f3 la aerol\u00ednea.<\/h4>\n<p>Decenas de turistas tuvieron que ser trasladados en patrullas al Aeropuerto Internacional de #Cancun para no perder sus vuelos.<\/p>\n<p>Esto\u00a0por el bloqueo de taxistas en la zona hotelera.<\/p>\n<p>No obstante, las aerol\u00edneas no fueron las \u00fanicas en advertir del caos a la ciudadan\u00eda, pues la Embajada de Estados Unidos en M\u00e9xico.<\/p>\n<p>Tambi\u00e9n emiti\u00f3 una alerta de viaje por motivo de los acontecimientos de violencia entre taxistas y conductores de Uber.<\/p>\n<p>El video se viraliz\u00f3 r\u00e1pidamente y caus\u00f3 indignaci\u00f3n entre los cibernautas, quienes compartieron sus malas experiencias con los taxis del destino playero<\/p>\n<p>\u201cA ra\u00edz de los incidentes recientes que involucraron a taxistas y conductores de Uber en Quintana Roo\u201d.<\/p>\n<p>El cual\u00a0se recuerda a los ciudadanos estadounidense la orientaci\u00f3n brindada en travel.state.gov.<\/p>\n<p>\u201cEsto espec\u00edficamente sobre el uso del servicio de transporte basado en aplicaciones en M\u00e9xico\u201d, comunic\u00f3 la Embajada de EEUU.<\/p>\n<p>&nbsp;<\/p>\n","protected":false},"excerpt":{"rendered":"<p>Diversos taxistas impusieron un bloqueo en los accesos a la zona hotelera de Canc\u00fan, Quintana Roo, por lo que cientos de turistas. Bloqueo en la zona hotelera: As\u00ed como de locales tuvieron que caminar varios kil\u00f3metros para llegar al Aeropuerto Internacional de Canc\u00fan. La cuenta oficial de Aerom\u00e9xico alert\u00f3 sobre las afectaciones e invit\u00f3 a [&hellip;]<\/p>\n","protected":false},"author":1,"featured_media":12015,"comment_status":"open","ping_status":"closed","sticky":false,"template":"","format":"standard","meta":{"footnotes":""},"categories":[6],"tags":[],"class_list":["post-12013","post","type-post","status-publish","format-standard","has-post-thumbnail","hentry","category-local"],"_links":{"self":[{"href":"https:\/\/podernacional.com\/index.php?rest_route=\/wp\/v2\/posts\/12013","targetHints":{"allow":["GET"]}}],"collection":[{"href":"https:\/\/podernacional.com\/index.php?rest_route=\/wp\/v2\/posts"}],"about":[{"href":"https:\/\/podernacional.com\/index.php?rest_route=\/wp\/v2\/types\/post"}],"author":[{"embeddable":true,"href":"https:\/\/podernacional.com\/index.php?rest_route=\/wp\/v2\/users\/1"}],"replies":[{"embeddable":true,"href":"https:\/\/podernacional.com\/index.php?rest_route=%2Fwp%2Fv2%2Fcomments&post=12013"}],"version-history":[{"count":1,"href":"https:\/\/podernacional.com\/index.php?rest_route=\/wp\/v2\/posts\/12013\/revisions"}],"predecessor-version":[{"id":12014,"href":"https:\/\/podernacional.com\/index.php?rest_route=\/wp\/v2\/posts\/12013\/revisions\/12014"}],"wp:featuredmedia":[{"embeddable":true,"href":"https:\/\/podernacional.com\/index.php?rest_route=\/wp\/v2\/media\/12015"}],"wp:attachment":[{"href":"https:\/\/podernacional.com\/index.php?rest_route=%2Fwp%2Fv2%2Fmedia&parent=12013"}],"wp:term":[{"taxonomy":"category","embeddable":true,"href":"https:\/\/podernacional.com\/index.php?rest_route=%2Fwp%2Fv2%2Fcategories&post=12013"},{"taxonomy":"post_tag","embeddable":true,"href":"https:\/\/podernacional.com\/index.php?rest_route=%2Fwp%2Fv2%2Ftags&post=12013"}],"curies":[{"name":"wp","href":"https:\/\/api.w.org\/{rel}","templated":true}]}}