{"id":12016,"date":"2023-01-23T19:31:29","date_gmt":"2023-01-24T00:31:29","guid":{"rendered":"https:\/\/podernacional.com\/?p=12016"},"modified":"2023-01-24T00:31:30","modified_gmt":"2023-01-24T00:31:30","slug":"urge-un-penal-de-maxima-seguridad-en-quintana-roo","status":"publish","type":"post","link":"https:\/\/podernacional.com\/?p=12016","title":{"rendered":"Urge un penal de m\u00e1xima seguridad en Quintana Roo"},"content":{"rendered":"<h4>Recomiendan separar a los reos del fuero com\u00fan de aquellos que se encuentran tras las rejas por delitos de alto impacto.<\/h4>\n<p>Penal de m\u00e1xima seguridad: Por considerar que las c\u00e1rceles de Quintana Roo se encuentran sobrepobladas y que se han convertido en un \u201ccaldo de cultivo\u201d .<\/p>\n<p>Esto para formar nuevos sicarios o narcomenudistas, la Comisi\u00f3n de los Derechos Humanos (Cdheqroo).<\/p>\n<p>El cual\u00a0urgi\u00f3 la construcci\u00f3n de un penal de m\u00e1xima seguridad en Canc\u00fan o Playa del Carmen.<\/p>\n<p>Felipe Nieto Bastida, encargado de la Cdheqroo, explic\u00f3 que es necesario separar a los reos del fuero com\u00fan.<\/p>\n<p>Los cuales\u00a0de aquellos que se encuentran tras las rejas por delitos de alto impacto, como ser l\u00edderes de organizaciones criminales, sicarios, etc.<\/p>\n<p>\u201cSi no son separados se pierde el sentido de los Centros de Reinserci\u00f3n Social, de ser lugares para que el delincuente com\u00fan\u201d.<\/p>\n<p>\u201cEl cual\u00a0pueda reivindicarse y salir siendo un miembro \u00fatil de la sociedad\u201d.<\/p>\n<p>Pero tal como se encuentra la situaci\u00f3n actualmente, o terminan engrosando las filas del crimen organizad.<\/p>\n<p>\u201cO bien en\u00a0sus derechos humanos son violados de manera continua por los auto-gobiernos\u201d, detall\u00f3.<\/p>\n<h4>Puntualiz\u00f3 que lo ideal es que estos centros sean construidos en Canc\u00fan o en el municipio de Solidaridad.<\/h4>\n<p>El cual es\u00a0considerando que son las dos principales demarcaciones que m\u00e1s reos reciben relacionados con el narcotr\u00e1fico.<\/p>\n<p>De acuerdo con datos del gobierno federal en la estad\u00edstica nacional penitenciaria, hasta noviembre de 2022.<\/p>\n<p>Esto\u00a0en las cuatro c\u00e1rceles de Quintana Roo hay espacio para \u00a0dos mil 722 reos, pero hay en prisi\u00f3n tres mil 707 personas.<\/p>\n<p>De las cuales 369 est\u00e1n por delitos del fuero federal, es decir, que est\u00e1n acusados de cr\u00edmenes de alto impacto.<\/p>\n<p>Los otros tres mil 338 personas en reclusi\u00f3n est\u00e1n por delitos del fuero com\u00fan, aunque hay que precisar que de \u00e9stas.<\/p>\n<p>As\u00ed como que\u00a0s\u00f3lo mil 181 han sido sentenciadas, es decir que se comprob\u00f3 su delito y purgan condena.<\/p>\n<h4>Adem\u00e1s del resto, que son dos mil 157 personas, siguen esperando se defina su situaci\u00f3n, pero ya est\u00e1n en prisi\u00f3n.<\/h4>\n<p>Actualmente, los reclusos de alta peligrosidad son transportados desde Canc\u00fan hasta el Cereso de Chetumal, no porque sea m\u00e1s seguro.<\/p>\n<p>Esto, sino porque es el \u00fanico centro penitenciario del Estado que tiene menos sobrepoblaci\u00f3n.<\/p>\n<p>As\u00ed como\u00a0con mil 241 personas privadas de la libertad en un espacio para mil 214, apenas 27 m\u00e1s que los espacios disponibles.<\/p>\n","protected":false},"excerpt":{"rendered":"<p>Recomiendan separar a los reos del fuero com\u00fan de aquellos que se encuentran tras las rejas por delitos de alto impacto. Penal de m\u00e1xima seguridad: Por considerar que las c\u00e1rceles de Quintana Roo se encuentran sobrepobladas y que se han convertido en un \u201ccaldo de cultivo\u201d . Esto para formar nuevos sicarios o narcomenudistas, la [&hellip;]<\/p>\n","protected":false},"author":1,"featured_media":12018,"comment_status":"open","ping_status":"closed","sticky":false,"template":"","format":"standard","meta":{"footnotes":""},"categories":[10],"tags":[],"class_list":["post-12016","post","type-post","status-publish","format-standard","has-post-thumbnail","hentry","category-quintana-roo"],"_links":{"self":[{"href":"https:\/\/podernacional.com\/index.php?rest_route=\/wp\/v2\/posts\/12016","targetHints":{"allow":["GET"]}}],"collection":[{"href":"https:\/\/podernacional.com\/index.php?rest_route=\/wp\/v2\/posts"}],"about":[{"href":"https:\/\/podernacional.com\/index.php?rest_route=\/wp\/v2\/types\/post"}],"author":[{"embeddable":true,"href":"https:\/\/podernacional.com\/index.php?rest_route=\/wp\/v2\/users\/1"}],"replies":[{"embeddable":true,"href":"https:\/\/podernacional.com\/index.php?rest_route=%2Fwp%2Fv2%2Fcomments&post=12016"}],"version-history":[{"count":1,"href":"https:\/\/podernacional.com\/index.php?rest_route=\/wp\/v2\/posts\/12016\/revisions"}],"predecessor-version":[{"id":12017,"href":"https:\/\/podernacional.com\/index.php?rest_route=\/wp\/v2\/posts\/12016\/revisions\/12017"}],"wp:featuredmedia":[{"embeddable":true,"href":"https:\/\/podernacional.com\/index.php?rest_route=\/wp\/v2\/media\/12018"}],"wp:attachment":[{"href":"https:\/\/podernacional.com\/index.php?rest_route=%2Fwp%2Fv2%2Fmedia&parent=12016"}],"wp:term":[{"taxonomy":"category","embeddable":true,"href":"https:\/\/podernacional.com\/index.php?rest_route=%2Fwp%2Fv2%2Fcategories&post=12016"},{"taxonomy":"post_tag","embeddable":true,"href":"https:\/\/podernacional.com\/index.php?rest_route=%2Fwp%2Fv2%2Ftags&post=12016"}],"curies":[{"name":"wp","href":"https:\/\/api.w.org\/{rel}","templated":true}]}}