{"id":12031,"date":"2023-01-24T17:51:53","date_gmt":"2023-01-24T22:51:53","guid":{"rendered":"https:\/\/podernacional.com\/?p=12031"},"modified":"2023-01-24T22:51:55","modified_gmt":"2023-01-24T22:51:55","slug":"el-cine-iberoamericano-muestra-su-variedad-en-un-festival-en-miami","status":"publish","type":"post","link":"https:\/\/podernacional.com\/?p=12031","title":{"rendered":"El cine iberoamericano muestra su variedad en un festival en Miami"},"content":{"rendered":"<h4>El Iberoamerican Film Festival de Miami (IAFFM) arranca este martes con el filme argentino \u201cEl gerente\u201d (2022), de Ariel Winogard.<\/h4>\n<p>El cine iberoamericano: El cual dar\u00e1 paso hasta el 29 de enero a m\u00e1s de 40 pel\u00edculas de ficci\u00f3n y documentales de Argentina, Chile, Colombia.<\/p>\n<p>As\u00ed como de\u00a0Espa\u00f1a, M\u00e9xico, Panam\u00e1, Per\u00fa y Uruguay.<\/p>\n<p>En su quinta edici\u00f3n, el festival, creado en 2016 bajo el nombre de Indie Pasi\u00f3n Festival, tiene como pa\u00eds invitado a Argentina.<\/p>\n<p>Adem\u00e1s de que\u00a0acoger\u00e1 este mi\u00e9rcoles un homenaje al director argentino Juan Jos\u00e9 Campanella.<\/p>\n<p>El cual es el ganador en 2010 de un Oscar a la mejor pel\u00edcula extranjera por \u201cEl secreto de sus ojos\u201d.<\/p>\n<p>El director del IAFFM, el colombiano Fernando Arciniega, dijo a EFE que a excepci\u00f3n de las pel\u00edculas del tributo a Campanella.<\/p>\n<p>As\u00ed como del \u201cEl cuento de las comadrejas\u201d (2019) y \u201cMetegol\u201d (2013), \u201ctodo es nuevo, son pel\u00edculas nuevas que vienen de otros festivales\u201d.<\/p>\n<p>El objetivo es \u201cpromover nuestra diversidad, nuestras historias, nuestro mensaje de impacto social, nuestra cultura, nuestros sabores y nuestras emociones\u201d, se\u00f1al\u00f3.<\/p>\n<p>Este a\u00f1o el certamen, que se celebra en el complejo de cines Silverspot Miami, est\u00e1 estructurado en \u00e1reas, cada una con su jurado y premios.<\/p>\n<p>As\u00ed como de\u00a0como Rainbow Flamingo, Visiones Contempor\u00e1neas, Nuevos Talentos, Cortometrajes y AniMiami.<\/p>\n<h4>CINE EN PROGRESO Y ANIMACI\u00d3N<\/h4>\n<p>Por primera vez, el IAFFM incluye una secci\u00f3n de obra en progreso.<\/p>\n<p>El cual\u00a0incluye cuatro pel\u00edculas que ser\u00e1n proyectadas en sesiones privadas para representantes de la industria cinematogr\u00e1fica.<\/p>\n<p>Se trata de \u201cFragmentada\u201d (Argentina), de Facundo Escudero Salinas, \u201cVierja Academy\u201d (Panam\u00e1), de Jose A. Stoute.<\/p>\n<p>As\u00ed como de\u00a0\u201c\u00c9rase una vez en los Andes\u201d (Per\u00fa), de R\u00f3mulo Sulca, y \u201cMar\u00eda ojos negros\u201d (Chile), de Benjamin Brunet.<\/p>\n<p>Otra novedad de la edici\u00f3n de este a\u00f1o es que primera vez llega a Miami el Taller de Chucho.<\/p>\n<p>Al igual que\u00a0el estudio de animaci\u00f3n fundado por el director mexicano Guillermo Del Toro.<\/p>\n<p>Seg\u00fan un comunicado de la organizaci\u00f3n, el taller \u201ccuenta con un talentoso equipo de animadores\u201d que trabajaron \u201cmuy de cerca\u201d.<\/p>\n<p>Esto\u00a0en la cinta \u201cPinocchio\u201d, ganadora del Globo de Oro 2023 a la mejor pel\u00edcula de animaci\u00f3n.<\/p>\n<p>El cine iberoamericano muestra su variedad en un festival en Miami<\/p>\n","protected":false},"excerpt":{"rendered":"<p>El Iberoamerican Film Festival de Miami (IAFFM) arranca este martes con el filme argentino \u201cEl gerente\u201d (2022), de Ariel Winogard. El cine iberoamericano: El cual dar\u00e1 paso hasta el 29 de enero a m\u00e1s de 40 pel\u00edculas de ficci\u00f3n y documentales de Argentina, Chile, Colombia. As\u00ed como de\u00a0Espa\u00f1a, M\u00e9xico, Panam\u00e1, Per\u00fa y Uruguay. En su [&hellip;]<\/p>\n","protected":false},"author":1,"featured_media":12033,"comment_status":"open","ping_status":"closed","sticky":false,"template":"","format":"standard","meta":{"footnotes":""},"categories":[2],"tags":[],"class_list":["post-12031","post","type-post","status-publish","format-standard","has-post-thumbnail","hentry","category-cultural"],"_links":{"self":[{"href":"https:\/\/podernacional.com\/index.php?rest_route=\/wp\/v2\/posts\/12031","targetHints":{"allow":["GET"]}}],"collection":[{"href":"https:\/\/podernacional.com\/index.php?rest_route=\/wp\/v2\/posts"}],"about":[{"href":"https:\/\/podernacional.com\/index.php?rest_route=\/wp\/v2\/types\/post"}],"author":[{"embeddable":true,"href":"https:\/\/podernacional.com\/index.php?rest_route=\/wp\/v2\/users\/1"}],"replies":[{"embeddable":true,"href":"https:\/\/podernacional.com\/index.php?rest_route=%2Fwp%2Fv2%2Fcomments&post=12031"}],"version-history":[{"count":1,"href":"https:\/\/podernacional.com\/index.php?rest_route=\/wp\/v2\/posts\/12031\/revisions"}],"predecessor-version":[{"id":12032,"href":"https:\/\/podernacional.com\/index.php?rest_route=\/wp\/v2\/posts\/12031\/revisions\/12032"}],"wp:featuredmedia":[{"embeddable":true,"href":"https:\/\/podernacional.com\/index.php?rest_route=\/wp\/v2\/media\/12033"}],"wp:attachment":[{"href":"https:\/\/podernacional.com\/index.php?rest_route=%2Fwp%2Fv2%2Fmedia&parent=12031"}],"wp:term":[{"taxonomy":"category","embeddable":true,"href":"https:\/\/podernacional.com\/index.php?rest_route=%2Fwp%2Fv2%2Fcategories&post=12031"},{"taxonomy":"post_tag","embeddable":true,"href":"https:\/\/podernacional.com\/index.php?rest_route=%2Fwp%2Fv2%2Ftags&post=12031"}],"curies":[{"name":"wp","href":"https:\/\/api.w.org\/{rel}","templated":true}]}}