{"id":12037,"date":"2023-01-24T18:26:25","date_gmt":"2023-01-24T23:26:25","guid":{"rendered":"https:\/\/podernacional.com\/?p=12037"},"modified":"2023-01-24T23:26:27","modified_gmt":"2023-01-24T23:26:27","slug":"deporte-en-veracruz-presume-nuevo-espacio-medico","status":"publish","type":"post","link":"https:\/\/podernacional.com\/?p=12037","title":{"rendered":"Deporte en Veracruz presume nuevo espacio m\u00e9dico"},"content":{"rendered":"<h4>Con la finalidad de brindar una mejor atenci\u00f3n a las y los deportistas veracruzanos, el director general del Instituto Veracruzano del Deporte.<\/h4>\n<p><a href=\"https:\/\/whatsappmexico.com\/?p=11679\">Deporte<\/a> en Veracruz: As\u00ed como Jos\u00e9 Alberto Nava Lozano, recorri\u00f3 el nuevo espacio del Centro de Medicina y Ciencias Aplicadas al Deporte.<\/p>\n<p>El cual est\u00e1\u00a0ubicado en el Centro de Raqueta en este municipio.<\/p>\n<p>El rector del deporte Jos\u00e9 Alberto Nava Lozano supervis\u00f3 el \u00e1rea especial para el servicio m\u00e9dico.<\/p>\n<p>Adem\u00e1s de\u00a0la cual est\u00e1 acondicionada con m\u00e1s espacio y privacidad y as\u00ed brindar una mejor atenci\u00f3n a las y los deportistas veracruzanos.<\/p>\n<p>Estos rumbo a su preparaci\u00f3n a los Nacionales CONADE 2023.<\/p>\n<p>Nava Lozano observ\u00f3 los detalles que se mejorar\u00e1n en este recinto m\u00e9dico, el cual cuenta con los servicios de medicina.<\/p>\n<p>As\u00ed como de\u00a0psicolog\u00eda deportiva, fisioterapia, nutrici\u00f3n, enfermer\u00eda y masajes.<\/p>\n<p>Adem\u00e1s, dijo que las y los deportistas as\u00ed como las y los entrenadores veracruzanos.<\/p>\n<h4>Al igual de que\u00a0pueden asistir sin ning\u00fan problema al Centro de Medicina y Ciencias Aplicadas al Deporte.<\/h4>\n<p>Los titulares de cada \u00e1rea son en medicina, la doctora Patricia del Prado Aussin; psicolog\u00eda deportiva, Ligia Rosas S\u00e1nchez; fisioterapia.<\/p>\n<p>As\u00ed como de\u00a0Jes\u00fas Izquierdo Gonz\u00e1lez; nutrici\u00f3n, Tonatiuh Dom\u00ednguez Pacheco y enfermer\u00eda y masajes, Ana Rueda Ruiz.<\/p>\n<p>Acompa\u00f1aron al \u00a0director del IVD, el Subdirector de Desarrollo del Deporte, Jorge Armando Garc\u00eda Bautista.<\/p>\n<p>Adem\u00e1s de\u00a0la titular del Departamento de Calidad para el Deporte, Soledad Gonz\u00e1lez Espejo.<\/p>\n<p>Los horarios de atenci\u00f3n son lunes a viernes de 9 a 15 horas, as\u00ed como de 16 a 18 horas en el Centro de Raqueta.<\/p>\n<p>El cual se encuentra\u00a0ubicado en la Ciudad Deportiva de Leyes de Reforma.<\/p>\n<p>Deporte en Veracruz presume nuevo espacio m\u00e9dico<\/p>\n","protected":false},"excerpt":{"rendered":"<p>Con la finalidad de brindar una mejor atenci\u00f3n a las y los deportistas veracruzanos, el director general del Instituto Veracruzano del Deporte. Deporte en Veracruz: As\u00ed como Jos\u00e9 Alberto Nava Lozano, recorri\u00f3 el nuevo espacio del Centro de Medicina y Ciencias Aplicadas al Deporte. El cual est\u00e1\u00a0ubicado en el Centro de Raqueta en este municipio. [&hellip;]<\/p>\n","protected":false},"author":1,"featured_media":12039,"comment_status":"open","ping_status":"closed","sticky":false,"template":"","format":"standard","meta":{"footnotes":""},"categories":[3],"tags":[],"class_list":["post-12037","post","type-post","status-publish","format-standard","has-post-thumbnail","hentry","category-deportes"],"_links":{"self":[{"href":"https:\/\/podernacional.com\/index.php?rest_route=\/wp\/v2\/posts\/12037","targetHints":{"allow":["GET"]}}],"collection":[{"href":"https:\/\/podernacional.com\/index.php?rest_route=\/wp\/v2\/posts"}],"about":[{"href":"https:\/\/podernacional.com\/index.php?rest_route=\/wp\/v2\/types\/post"}],"author":[{"embeddable":true,"href":"https:\/\/podernacional.com\/index.php?rest_route=\/wp\/v2\/users\/1"}],"replies":[{"embeddable":true,"href":"https:\/\/podernacional.com\/index.php?rest_route=%2Fwp%2Fv2%2Fcomments&post=12037"}],"version-history":[{"count":1,"href":"https:\/\/podernacional.com\/index.php?rest_route=\/wp\/v2\/posts\/12037\/revisions"}],"predecessor-version":[{"id":12038,"href":"https:\/\/podernacional.com\/index.php?rest_route=\/wp\/v2\/posts\/12037\/revisions\/12038"}],"wp:featuredmedia":[{"embeddable":true,"href":"https:\/\/podernacional.com\/index.php?rest_route=\/wp\/v2\/media\/12039"}],"wp:attachment":[{"href":"https:\/\/podernacional.com\/index.php?rest_route=%2Fwp%2Fv2%2Fmedia&parent=12037"}],"wp:term":[{"taxonomy":"category","embeddable":true,"href":"https:\/\/podernacional.com\/index.php?rest_route=%2Fwp%2Fv2%2Fcategories&post=12037"},{"taxonomy":"post_tag","embeddable":true,"href":"https:\/\/podernacional.com\/index.php?rest_route=%2Fwp%2Fv2%2Ftags&post=12037"}],"curies":[{"name":"wp","href":"https:\/\/api.w.org\/{rel}","templated":true}]}}