{"id":12085,"date":"2023-01-25T16:46:46","date_gmt":"2023-01-25T21:46:46","guid":{"rendered":"https:\/\/podernacional.com\/?p=12085"},"modified":"2023-01-25T21:46:48","modified_gmt":"2023-01-25T21:46:48","slug":"seleccion-colombia-femenina-jugara-torneo-internacional-previo-al-mundial","status":"publish","type":"post","link":"https:\/\/podernacional.com\/?p=12085","title":{"rendered":"Selecci\u00f3n Colombia Femenina jugar\u00e1 torneo internacional previo al mundial"},"content":{"rendered":"<h4>En febrero las \u201cChicas Superpoderosas\u201d afrontar\u00e1n un torneo preparaci\u00f3n que se llevar\u00e1 a cabo en suelo mexicano<\/h4>\n<p>Selecci\u00f3n Colombia Femenina: Jugar\u00e1 ante M\u00e9xico, Costa Rica y Nigeria.<\/p>\n<p>La Federaci\u00f3n Colombiana de F\u00fatbol (FCF) inform\u00f3.<\/p>\n<p>Esto\u00a0que con motivo de preparaci\u00f3n para la Copa Mundial Femenina de la FIFA Australia\/Nueva Zelanda 2023.<\/p>\n<p>As\u00ed como de\u00a0la Selecci\u00f3n Colombia Femenina de Mayores jugar\u00e1 un cuadrangular amistoso en M\u00e9xico del 15 al 21 de febrero.<\/p>\n<p>El microciclo de trabajo se llevar\u00e1 a cabo en la Sede Deportiva de la Federaci\u00f3n Colombiana de F\u00fatbol, ubicada en la ciudad de Bogot\u00e1.<\/p>\n<p>La selecci\u00f3n Colombia Femenina anuncia convocadas a microciclo de trabajo con miras al Mundial Femenino del 2023<\/p>\n<p>El torneo, con sede en Australia y Nueva Zelanda, jugar\u00e1n\u00a0entre el mes de julio y agosto y la selecci\u00f3n estar\u00e1 ubicada en el Grupo H<\/p>\n<p>En el certamen, denominado \u201cW Revelations Cup 2023\u2033, las Chicas Superpoderosas se ver\u00e1n las caras con las selecciones de Costa Rica, Nigeria y M\u00e9xico.<\/p>\n<h4>Los partidos se disputar\u00e1n en la ciudad de Le\u00f3n, Guanajuato.<\/h4>\n<p>El combinado nacional dirigido por Nelson Abad\u00eda, cumple por estos d\u00edas con un microciclo de preparaci\u00f3n en Bogot\u00e1.<\/p>\n<p>El cual\u00a0se extender\u00e1 hasta el martes 31 de enero. La Selecci\u00f3n Colombia Femenina de Mayores, tendr\u00e1 el siguiente calendario:<\/p>\n<h4>Colombia vs. Costa Rica<\/h4>\n<p>El entrenador de la selecci\u00f3n Colombia sub-17, que fue subcampeona del mundo, pidi\u00f3 que la figura del f\u00fatbol femenino sea bien asesorada<\/p>\n<p>D\u00eda: 15 de febrero<\/p>\n<p>Hora: 13:00<\/p>\n<h4>Colombia vs. Nigeria<\/h4>\n<p>D\u00eda: 18 de febrero<\/p>\n<p>Hora: 13:00<\/p>\n<h4>Colombia vs. M\u00e9xico<\/h4>\n<p>D\u00eda: 21 de febrero<\/p>\n<p>Hora: 20:00<\/p>\n<p>Cabe recordar que la selecci\u00f3n Colombia Femenina hace parte del Grupo H junto con Alemania, Marruecos y Corea del Sur.<\/p>\n<p>Precisamente, ante las asi\u00e1ticas ser\u00e1 el debut de la Tricolor el 24 de junio.<\/p>\n<p>Seis d\u00edas despu\u00e9s se medir\u00e1 con las Teutonas, mientras que el 3 de agosto jugar\u00e1 ante las africanas.<\/p>\n<p>Bajo la conducci\u00f3n t\u00e9cnica de Nelson Abadia, la selecci\u00f3n Colombia realiz\u00f3 el primer microciclo del a\u00f1o que llev\u00f3 a cabo en la capital del pa\u00eds.<\/p>\n<h4>El estratega cafetero se refiri\u00f3 a los objetivos de 2023. \u201cEs un trabajo de readaptaci\u00f3n a lo que hemos venido trabajando (\u2026).<\/h4>\n<p>As\u00ed como que\u00a0eso va a ser importante para la preparaci\u00f3n completa de la Selecci\u00f3n\u201d.<\/p>\n<p>Por su parte, la jugadora Linda Caicedo sabe de la exigencia que tendr\u00e1n en la copa del mundo femenina de mayores.<\/p>\n<p>\u201cTodas las selecciones se preparan, son las mejores del mundo, por eso est\u00e1n all\u00e1\u201d.<\/p>\n<p>\u201cTodos los partidos ser\u00e1n complicados, el equipo se est\u00e1 preparando para eso y para saber que cada partido ser\u00e1 una final\u201d.<\/p>\n<p>\u201cAs\u00ed como que\u00a0debemos asumirlo de la mejor manera porque vamos a representar nuestro pa\u00eds\u201d.<\/p>\n<p>As\u00ed mismo, Daniela Arias espera tener m\u00e1s competencia con relaci\u00f3n a duraci\u00f3n de la Liga Femenina Betplay Dimayor.<\/p>\n<p>Adem\u00e1s de\u00a0que nuevamente tendr\u00e1 un campeonato en el a\u00f1o lo que ha generado malestar en algunas jugadoras como la defensora de Am\u00e9rica de Cali.<\/p>\n<p>&nbsp;<\/p>\n","protected":false},"excerpt":{"rendered":"<p>En febrero las \u201cChicas Superpoderosas\u201d afrontar\u00e1n un torneo preparaci\u00f3n que se llevar\u00e1 a cabo en suelo mexicano Selecci\u00f3n Colombia Femenina: Jugar\u00e1 ante M\u00e9xico, Costa Rica y Nigeria. La Federaci\u00f3n Colombiana de F\u00fatbol (FCF) inform\u00f3. Esto\u00a0que con motivo de preparaci\u00f3n para la Copa Mundial Femenina de la FIFA Australia\/Nueva Zelanda 2023. As\u00ed como de\u00a0la Selecci\u00f3n Colombia [&hellip;]<\/p>\n","protected":false},"author":1,"featured_media":12087,"comment_status":"open","ping_status":"closed","sticky":false,"template":"","format":"standard","meta":{"footnotes":""},"categories":[5],"tags":[],"class_list":["post-12085","post","type-post","status-publish","format-standard","has-post-thumbnail","hentry","category-internacional"],"_links":{"self":[{"href":"https:\/\/podernacional.com\/index.php?rest_route=\/wp\/v2\/posts\/12085","targetHints":{"allow":["GET"]}}],"collection":[{"href":"https:\/\/podernacional.com\/index.php?rest_route=\/wp\/v2\/posts"}],"about":[{"href":"https:\/\/podernacional.com\/index.php?rest_route=\/wp\/v2\/types\/post"}],"author":[{"embeddable":true,"href":"https:\/\/podernacional.com\/index.php?rest_route=\/wp\/v2\/users\/1"}],"replies":[{"embeddable":true,"href":"https:\/\/podernacional.com\/index.php?rest_route=%2Fwp%2Fv2%2Fcomments&post=12085"}],"version-history":[{"count":1,"href":"https:\/\/podernacional.com\/index.php?rest_route=\/wp\/v2\/posts\/12085\/revisions"}],"predecessor-version":[{"id":12086,"href":"https:\/\/podernacional.com\/index.php?rest_route=\/wp\/v2\/posts\/12085\/revisions\/12086"}],"wp:featuredmedia":[{"embeddable":true,"href":"https:\/\/podernacional.com\/index.php?rest_route=\/wp\/v2\/media\/12087"}],"wp:attachment":[{"href":"https:\/\/podernacional.com\/index.php?rest_route=%2Fwp%2Fv2%2Fmedia&parent=12085"}],"wp:term":[{"taxonomy":"category","embeddable":true,"href":"https:\/\/podernacional.com\/index.php?rest_route=%2Fwp%2Fv2%2Fcategories&post=12085"},{"taxonomy":"post_tag","embeddable":true,"href":"https:\/\/podernacional.com\/index.php?rest_route=%2Fwp%2Fv2%2Ftags&post=12085"}],"curies":[{"name":"wp","href":"https:\/\/api.w.org\/{rel}","templated":true}]}}