{"id":12088,"date":"2023-01-25T16:57:42","date_gmt":"2023-01-25T21:57:42","guid":{"rendered":"https:\/\/podernacional.com\/?p=12088"},"modified":"2023-01-25T21:57:43","modified_gmt":"2023-01-25T21:57:43","slug":"investigan-uso-de-tecnologia-facial-para-vetar-entrada-en-salas-de-nueva-york","status":"publish","type":"post","link":"https:\/\/podernacional.com\/?p=12088","title":{"rendered":"Investigan uso de tecnolog\u00eda facial para vetar entrada en salas de Nueva York"},"content":{"rendered":"<h4>La fiscal general de Nueva York, Letitia James, dijo este mi\u00e9rcoles que est\u00e1 investigando el uso de tecnolog\u00edas de reconocimiento facial.<\/h4>\n<p>Tecnolog\u00eda facial: Esto para vetar la entrada a ciertas personas en salas de ocio tan famosas como el Madison Square Garden.<\/p>\n<p>As\u00ed como del Radio City Music Hall, que son de la misma empresa.<\/p>\n<p>Seg\u00fan indica James en una nota, la propietaria, MSG Entertainment.<\/p>\n<p>El cual ha usado esa controvertida tecnolog\u00eda en las \u00faltimas semanas para identificar y vetar el acceso -aunque hayan comprado boletos-.<\/p>\n<p>A\u00a0lo que considera sus \u00abadversarios\u00bb: todos los abogados afiliados a bufetes cuyos clientes est\u00e1n litigando contra la empresa.<\/p>\n<p>La medida aplicada por MSG afecta a los abogados de m\u00e1s de 90 bufetes.<\/p>\n<p>As\u00ed como\u00a0la fiscal advirti\u00f3 hoy en una carta a la empresa que puede estar violando las leyes que protegen los derechos humanos.<\/p>\n<p>Esto\u00a0a nivel local, estatal y federal, incluyendo las normativas que proh\u00edben la toma de represalias.<\/p>\n<p>James considera que impedir el acceso a los abogados podr\u00eda disuadirles de trabajar en casos de acoso sexual.<\/p>\n<h4>Adem\u00e1s de discriminaci\u00f3n laboral contra la empresa.<\/h4>\n<p>Adem\u00e1s cuestiona si la tecnolog\u00eda de reconocimiento facial empleada ofrece garant\u00edas en general para evitar \u00absesgos\u00bb discriminatorios.<\/p>\n<p>Las primeras noticias sobre esa criba del p\u00fablico se conocieron en diciembre.<\/p>\n<p>Esto cuando una abogada acudi\u00f3 con su hija a ver el espect\u00e1culo navide\u00f1o de las Rockettes en el Radio City.<\/p>\n<p>Adem\u00e1s de que\u00a0se le impidi\u00f3 acceder tras ser identificada por su nombre y empresa.<\/p>\n<p>El cual est\u00e1 envuelta en una demanda contra un restaurante que pertenece a MSG.<\/p>\n<p>Hace una semana, un grupo de legisladores de Nueva York protestaron ante el Madison Square Garden por su uso de la tecnolog\u00eda.<\/p>\n<h4>As\u00ed como\u00a0que tambi\u00e9n podr\u00eda estar violando la privacidad de los afectados.<\/h4>\n<p>Adem\u00e1s de que dijeron que si sigue aplic\u00e1ndola \u00abreconsiderar\u00e1n\u00bb los permisos, licencias y beneficios p\u00fablicos que recibe MSG.<\/p>\n<p>MSG usa la tecnolog\u00eda desde 2018 como medida de seguridad.<\/p>\n<p>Adem\u00e1s de\u00a0la pol\u00edtica dirigida a los abogados que litigan contra la empresa comenz\u00f3 en junio de 2022.<\/p>\n<p>Esto\u00a0seg\u00fan indic\u00f3 la empresa al canal FOX, que explic\u00f3 que el veto fue comunicado a cada bufete.<\/p>\n<p>Esto\u00a0que su efecto termina cuando se resuelven los casos.<\/p>\n<p>&nbsp;<\/p>\n","protected":false},"excerpt":{"rendered":"<p>La fiscal general de Nueva York, Letitia James, dijo este mi\u00e9rcoles que est\u00e1 investigando el uso de tecnolog\u00edas de reconocimiento facial. Tecnolog\u00eda facial: Esto para vetar la entrada a ciertas personas en salas de ocio tan famosas como el Madison Square Garden. As\u00ed como del Radio City Music Hall, que son de la misma empresa. [&hellip;]<\/p>\n","protected":false},"author":1,"featured_media":12090,"comment_status":"open","ping_status":"closed","sticky":false,"template":"","format":"standard","meta":{"footnotes":""},"categories":[13],"tags":[],"class_list":["post-12088","post","type-post","status-publish","format-standard","has-post-thumbnail","hentry","category-tecnologia"],"_links":{"self":[{"href":"https:\/\/podernacional.com\/index.php?rest_route=\/wp\/v2\/posts\/12088","targetHints":{"allow":["GET"]}}],"collection":[{"href":"https:\/\/podernacional.com\/index.php?rest_route=\/wp\/v2\/posts"}],"about":[{"href":"https:\/\/podernacional.com\/index.php?rest_route=\/wp\/v2\/types\/post"}],"author":[{"embeddable":true,"href":"https:\/\/podernacional.com\/index.php?rest_route=\/wp\/v2\/users\/1"}],"replies":[{"embeddable":true,"href":"https:\/\/podernacional.com\/index.php?rest_route=%2Fwp%2Fv2%2Fcomments&post=12088"}],"version-history":[{"count":1,"href":"https:\/\/podernacional.com\/index.php?rest_route=\/wp\/v2\/posts\/12088\/revisions"}],"predecessor-version":[{"id":12089,"href":"https:\/\/podernacional.com\/index.php?rest_route=\/wp\/v2\/posts\/12088\/revisions\/12089"}],"wp:featuredmedia":[{"embeddable":true,"href":"https:\/\/podernacional.com\/index.php?rest_route=\/wp\/v2\/media\/12090"}],"wp:attachment":[{"href":"https:\/\/podernacional.com\/index.php?rest_route=%2Fwp%2Fv2%2Fmedia&parent=12088"}],"wp:term":[{"taxonomy":"category","embeddable":true,"href":"https:\/\/podernacional.com\/index.php?rest_route=%2Fwp%2Fv2%2Fcategories&post=12088"},{"taxonomy":"post_tag","embeddable":true,"href":"https:\/\/podernacional.com\/index.php?rest_route=%2Fwp%2Fv2%2Ftags&post=12088"}],"curies":[{"name":"wp","href":"https:\/\/api.w.org\/{rel}","templated":true}]}}