{"id":121,"date":"2020-06-02T23:42:55","date_gmt":"2020-06-02T23:42:55","guid":{"rendered":"http:\/\/whatsappcancun.com\/?p=121"},"modified":"2020-06-02T23:42:55","modified_gmt":"2020-06-02T23:42:55","slug":"anuncian-cambios-en-plan-de-deportes-de-los-trabajadores","status":"publish","type":"post","link":"https:\/\/podernacional.com\/?p=121","title":{"rendered":"Anuncian cambios en plan de deportes de los trabajadores"},"content":{"rendered":"\n<p>El deporte de los trabajadores del pa\u00eds sufrir\u00e1 algunas modificaciones en su programa inicial debido a la pandemia del COVID-19, entre ellos el aplazamiento del Campeonato Mundial de Voleibol de Playa, en Acapulco, Guerrero.<\/p>\n\n\n\n<p>Este martes, Pablo Reyes Osorio, secretario ejecutivo del Instituto del Deporte de los Trabajadores (INDET), dio a conocer que debido a la actual situaci\u00f3n de salud mundial se pospusieron varios eventos tanto en el pa\u00eds como en el extranjero.<\/p>\n\n\n\n<p>Indic\u00f3 que la contingencia mundial ha obligado a replantear varias cosas y el deporte no escapa a los cambios en pro de los participantes.<\/p>\n\n\n\n<figure><iframe width=\"1\" height=\"1\"><\/iframe><\/figure>\n\n\n\n<p>A\u00f1adi\u00f3 que los ajustes al programa nacional que impulsan el INDET y el Congreso del Trabajo, con el apoyo de la Comisi\u00f3n Nacional de Cultura F\u00edsica y Deporte (CONADE), ser\u00e1 analizado para programar las nuevas fechas de los procesos clasificatorios y competencias internacionales con sede en M\u00e9xico.<\/p>\n\n\n\n<p>En cuanto al Campeonato Mundial de los Trabajadores de Voleibol de Playa, en Acapulco, Guerrero, as\u00ed como el Encuentro Internacional de Beisbol de Cuba, fueron aplazados hasta nuevo aviso.<\/p>\n\n\n\n<p>Adem\u00e1s, el Festival Internacional Deportivo de los Trabajadores, con sede en Albena, Bulgaria, y el Torneo de Maxibaloncesto de los Trabajadores, con sede en Canc\u00fan, Quintana Roo, si fueron cancelados.<\/p>\n\n\n\n<p>\u201cHay inter\u00e9s por traer al pa\u00eds el Campeonato Mundial de Fireball Extreme Challenge, evento espectacular por su ritmo de juego y la actividad f\u00edsica que exige. La sede propuesta es Canc\u00fan en noviembre de este a\u00f1o\u201d, expres\u00f3 el dirigente deportivo.<\/p>\n","protected":false},"excerpt":{"rendered":"<p>El deporte de los trabajadores del pa\u00eds sufrir\u00e1 algunas modificaciones en su programa inicial debido a la pandemia del COVID-19, entre ellos el aplazamiento del Campeonato Mundial de Voleibol de Playa, en Acapulco, Guerrero. Este martes, Pablo Reyes Osorio, secretario ejecutivo del Instituto del Deporte de los Trabajadores (INDET), dio a conocer que debido a [&hellip;]<\/p>\n","protected":false},"author":1,"featured_media":122,"comment_status":"open","ping_status":"open","sticky":false,"template":"","format":"standard","meta":{"footnotes":""},"categories":[3],"tags":[],"class_list":["post-121","post","type-post","status-publish","format-standard","has-post-thumbnail","hentry","category-deportes"],"_links":{"self":[{"href":"https:\/\/podernacional.com\/index.php?rest_route=\/wp\/v2\/posts\/121","targetHints":{"allow":["GET"]}}],"collection":[{"href":"https:\/\/podernacional.com\/index.php?rest_route=\/wp\/v2\/posts"}],"about":[{"href":"https:\/\/podernacional.com\/index.php?rest_route=\/wp\/v2\/types\/post"}],"author":[{"embeddable":true,"href":"https:\/\/podernacional.com\/index.php?rest_route=\/wp\/v2\/users\/1"}],"replies":[{"embeddable":true,"href":"https:\/\/podernacional.com\/index.php?rest_route=%2Fwp%2Fv2%2Fcomments&post=121"}],"version-history":[{"count":0,"href":"https:\/\/podernacional.com\/index.php?rest_route=\/wp\/v2\/posts\/121\/revisions"}],"wp:featuredmedia":[{"embeddable":true,"href":"https:\/\/podernacional.com\/index.php?rest_route=\/wp\/v2\/media\/122"}],"wp:attachment":[{"href":"https:\/\/podernacional.com\/index.php?rest_route=%2Fwp%2Fv2%2Fmedia&parent=121"}],"wp:term":[{"taxonomy":"category","embeddable":true,"href":"https:\/\/podernacional.com\/index.php?rest_route=%2Fwp%2Fv2%2Fcategories&post=121"},{"taxonomy":"post_tag","embeddable":true,"href":"https:\/\/podernacional.com\/index.php?rest_route=%2Fwp%2Fv2%2Ftags&post=121"}],"curies":[{"name":"wp","href":"https:\/\/api.w.org\/{rel}","templated":true}]}}