{"id":1210,"date":"2020-09-03T21:06:39","date_gmt":"2020-09-03T21:06:39","guid":{"rendered":"http:\/\/whatsappcancun.com\/?p=1210"},"modified":"2020-09-03T21:06:39","modified_gmt":"2020-09-03T21:06:39","slug":"tormenta-tropical-nana-impacta-a-guatemala","status":"publish","type":"post","link":"https:\/\/podernacional.com\/?p=1210","title":{"rendered":"Tormenta Tropical \u2018Nana\u2019 impacta a Guatemala"},"content":{"rendered":"\n<h2 class=\"wp-block-heading\"><a href=\"https:\/\/sipse.com\/novedades\/temas\/temporada-de-huracanes\">TEMPORADA DE HURACANES<\/a><\/h2>\n\n\n\n<p>El fen\u00f3meno hidrometeorol\u00f3gico lleg\u00f3 a Centroam\u00e9rica como hurac\u00e1n categor\u00eda 1 a trav\u00e9s de Belice. Ah\u00ed se degrad\u00f3 a Tormenta.<\/p>\n\n\n\n<p>A las 6:40 horas del 3 de septiembre, \u201cNana\u201d ingres\u00f3 al norte del territorio de Guatemala como Tormenta Tropical, sobre el Departamento del Pet\u00e9n. Llevaba vientos de 95 km\/hr. Durante las horas previas, se registraron lluvias y fuertes vientos en las localidades de Santo Tom\u00e1s de Castilla, Puerto Barrios e Izabal, seg\u00fan la Coordinadora Nacional para la Reducci\u00f3n de Desastres (<a href=\"https:\/\/twitter.com\/ConredGuatemala\">@CONRED<\/a>) de ese pa\u00eds.\u00a0<\/p>\n\n\n\n<figure class=\"wp-block-embed-twitter wp-block-embed is-type-rich is-provider-twitter\"><div class=\"wp-block-embed__wrapper\">\n<blockquote class=\"twitter-tweet\" data-width=\"550\" data-dnt=\"true\"><p lang=\"es\" dir=\"ltr\">Loop del infrarrojo del cicl\u00f3n <a href=\"https:\/\/twitter.com\/hashtag\/Nana?src=hash&amp;ref_src=twsrc%5Etfw\">#Nana<\/a> ahora ya en tierra pasando de Belice a Guatemala con clara tendencia al OesteSuroeste se dirige a la frontera con Chiapas <a href=\"https:\/\/t.co\/ehz57rny9H\">pic.twitter.com\/ehz57rny9H<\/a><\/p>&mdash; IngGeofisico\ud83c\udf2a (@ChaacTlaloc) <a href=\"https:\/\/twitter.com\/ChaacTlaloc\/status\/1301499996626391040?ref_src=twsrc%5Etfw\">September 3, 2020<\/a><\/blockquote><script async src=\"https:\/\/platform.twitter.com\/widgets.js\" charset=\"utf-8\"><\/script>\n<\/div><\/figure>\n\n\n\n<p>Hasta el momento, el gobierno nacional no ha reportado afectaciones graves a los habitantes ni da\u00f1os a la infraestructura. Sin embargo, las abundantes precipitaciones pueden ocasionar inundaciones y deslaves. El Centro Nacional de Huracanes de Estados Unidos pronostica que caer\u00e1n entre 8 y 12 pulgadas de lluvia.&nbsp;<\/p>\n\n\n\n<p>Antes, a la 01:00 horas, \u201cNana\u201d impact\u00f3 el sur de Belice entre las localidades de Dangriga y Placencia. Lo hizo como hurac\u00e1n categor\u00eda 1, con vientos sostenidos de 120 km\/hr y rachas de 150 km\/hr. Pero conforme se intern\u00f3 en tierra, el fen\u00f3meno se degrad\u00f3 r\u00e1pidamente a tormenta tropical.\u00a0<\/p>\n\n\n\n<figure class=\"wp-block-embed-twitter wp-block-embed is-type-rich is-provider-twitter\"><div class=\"wp-block-embed__wrapper\">\nhttps:\/\/twitter.com\/hnsamona\/status\/1301484420566863872?ref_src=twsrc%5Etfw%7Ctwcamp%5Etweetembed%7Ctwterm%5E1301484420566863872%7Ctwgr%5Eshare_3&#038;ref_url=https%3A%2F%2Fsipse.com%2Fnovedades%2F\n<\/div><\/figure>\n\n\n\n<p>Se espera que la ahora Tormenta Tropical \u201cNana\u201d contin\u00fae su avance sobre Guatemala y golpee el estado mexicano de Chiapas. El Servicio Meteorol\u00f3gico Nacional advirti\u00f3 que ah\u00ed se dar\u00e1n rachas de viento y lluvias intensas, los cuales \u201cpodr\u00edan generar aumento en los niveles de r\u00edos y arroyos, as\u00ed como deslaves e inundaciones en zonas bajas\u201d.<\/p>\n\n\n\n<p>Las afectaciones tambi\u00e9n podr\u00edan alcanzar el 3 de septiembre a Campeche, Oaxaca, Tabasco y Veracruz.<\/p>\n\n\n\n<p>En Quintana Roo, si bien la alerta entrar\u00e1 en fase de alejamiento, se mantendr\u00e1 el monitoreo de los niveles del R\u00edo Hondo, en la frontera con Belice, pues los escurrimientos en Guatemala ocasionan subidas en sus niveles, afectado a las poblaciones cercanas.<\/p>\n","protected":false},"excerpt":{"rendered":"<p>TEMPORADA DE HURACANES El fen\u00f3meno hidrometeorol\u00f3gico lleg\u00f3 a Centroam\u00e9rica como hurac\u00e1n categor\u00eda 1 a trav\u00e9s de Belice. Ah\u00ed se degrad\u00f3 a Tormenta. A las 6:40 horas del 3 de septiembre, \u201cNana\u201d ingres\u00f3 al norte del territorio de Guatemala como Tormenta Tropical, sobre el Departamento del Pet\u00e9n. Llevaba vientos de 95 km\/hr. Durante las horas previas, [&hellip;]<\/p>\n","protected":false},"author":1,"featured_media":1212,"comment_status":"open","ping_status":"open","sticky":false,"template":"","format":"standard","meta":{"footnotes":""},"categories":[12],"tags":[],"class_list":["post-1210","post","type-post","status-publish","format-standard","has-post-thumbnail","hentry","category-sin-categoria"],"_links":{"self":[{"href":"https:\/\/podernacional.com\/index.php?rest_route=\/wp\/v2\/posts\/1210","targetHints":{"allow":["GET"]}}],"collection":[{"href":"https:\/\/podernacional.com\/index.php?rest_route=\/wp\/v2\/posts"}],"about":[{"href":"https:\/\/podernacional.com\/index.php?rest_route=\/wp\/v2\/types\/post"}],"author":[{"embeddable":true,"href":"https:\/\/podernacional.com\/index.php?rest_route=\/wp\/v2\/users\/1"}],"replies":[{"embeddable":true,"href":"https:\/\/podernacional.com\/index.php?rest_route=%2Fwp%2Fv2%2Fcomments&post=1210"}],"version-history":[{"count":0,"href":"https:\/\/podernacional.com\/index.php?rest_route=\/wp\/v2\/posts\/1210\/revisions"}],"wp:featuredmedia":[{"embeddable":true,"href":"https:\/\/podernacional.com\/index.php?rest_route=\/wp\/v2\/media\/1212"}],"wp:attachment":[{"href":"https:\/\/podernacional.com\/index.php?rest_route=%2Fwp%2Fv2%2Fmedia&parent=1210"}],"wp:term":[{"taxonomy":"category","embeddable":true,"href":"https:\/\/podernacional.com\/index.php?rest_route=%2Fwp%2Fv2%2Fcategories&post=1210"},{"taxonomy":"post_tag","embeddable":true,"href":"https:\/\/podernacional.com\/index.php?rest_route=%2Fwp%2Fv2%2Ftags&post=1210"}],"curies":[{"name":"wp","href":"https:\/\/api.w.org\/{rel}","templated":true}]}}