{"id":12106,"date":"2023-01-26T10:11:46","date_gmt":"2023-01-26T15:11:46","guid":{"rendered":"https:\/\/podernacional.com\/?p=12106"},"modified":"2023-01-26T15:12:04","modified_gmt":"2023-01-26T15:12:04","slug":"muere-maquillista-de-las-estrellas-en-mexico","status":"publish","type":"post","link":"https:\/\/podernacional.com\/?p=12106","title":{"rendered":"Muere maquillista de las estrellas en M\u00e9xico"},"content":{"rendered":"<p>En la tarde del 25 de enero trascendi\u00f3 la lamentable noticia del fallecimiento de uno de los m\u00e1s reconocidos artistas del maquillaje: Jonathan Lule, fue gracias a las mismas famosas que \u00e9l maquill\u00f3 que la noticia r\u00e1pidamente corri\u00f3 en redes.<\/p>\n<p>Personajes como Alessandra Rosaldo, Litzy, Gloria Calzada, Angie Taddei de JNS, Daniela Magun de Kabah y Lidia Avila de OV7 fueron algunas de las estrellas que lamentaron el deceso de Jonathan.<\/p>\n<p>Alessandra escribi\u00f3: \u00abVuela muy alto querido\u00bb, destacando su gran sentido del humor.<\/p>\n<p>Jonathan supo desde el primer momento que su vocaci\u00f3n se encontraba en las paletas de maquillaje, labiales y brochas, siendo Ana Claudia Talanc\u00f3n su primera artista en abrirle paso a lo que ser\u00eda una exitosa carrera, seg\u00fan cont\u00f3 para entrevistas pasadas.<\/p>\n","protected":false},"excerpt":{"rendered":"<p>En la tarde del 25 de enero trascendi\u00f3 la lamentable noticia del fallecimiento de uno de los m\u00e1s reconocidos artistas del maquillaje: Jonathan Lule, fue gracias a las mismas famosas que \u00e9l maquill\u00f3 que la noticia r\u00e1pidamente corri\u00f3 en redes. Personajes como Alessandra Rosaldo, Litzy, Gloria Calzada, Angie Taddei de JNS, Daniela Magun de Kabah [&hellip;]<\/p>\n","protected":false},"author":1,"featured_media":12108,"comment_status":"open","ping_status":"closed","sticky":false,"template":"","format":"standard","meta":{"footnotes":""},"categories":[4],"tags":[],"class_list":["post-12106","post","type-post","status-publish","format-standard","has-post-thumbnail","hentry","category-espectaculos"],"_links":{"self":[{"href":"https:\/\/podernacional.com\/index.php?rest_route=\/wp\/v2\/posts\/12106","targetHints":{"allow":["GET"]}}],"collection":[{"href":"https:\/\/podernacional.com\/index.php?rest_route=\/wp\/v2\/posts"}],"about":[{"href":"https:\/\/podernacional.com\/index.php?rest_route=\/wp\/v2\/types\/post"}],"author":[{"embeddable":true,"href":"https:\/\/podernacional.com\/index.php?rest_route=\/wp\/v2\/users\/1"}],"replies":[{"embeddable":true,"href":"https:\/\/podernacional.com\/index.php?rest_route=%2Fwp%2Fv2%2Fcomments&post=12106"}],"version-history":[{"count":1,"href":"https:\/\/podernacional.com\/index.php?rest_route=\/wp\/v2\/posts\/12106\/revisions"}],"predecessor-version":[{"id":12107,"href":"https:\/\/podernacional.com\/index.php?rest_route=\/wp\/v2\/posts\/12106\/revisions\/12107"}],"wp:featuredmedia":[{"embeddable":true,"href":"https:\/\/podernacional.com\/index.php?rest_route=\/wp\/v2\/media\/12108"}],"wp:attachment":[{"href":"https:\/\/podernacional.com\/index.php?rest_route=%2Fwp%2Fv2%2Fmedia&parent=12106"}],"wp:term":[{"taxonomy":"category","embeddable":true,"href":"https:\/\/podernacional.com\/index.php?rest_route=%2Fwp%2Fv2%2Fcategories&post=12106"},{"taxonomy":"post_tag","embeddable":true,"href":"https:\/\/podernacional.com\/index.php?rest_route=%2Fwp%2Fv2%2Ftags&post=12106"}],"curies":[{"name":"wp","href":"https:\/\/api.w.org\/{rel}","templated":true}]}}