{"id":12118,"date":"2023-01-26T18:10:09","date_gmt":"2023-01-26T23:10:09","guid":{"rendered":"https:\/\/podernacional.com\/?p=12118"},"modified":"2023-01-26T23:10:11","modified_gmt":"2023-01-26T23:10:11","slug":"el-festival-del-guandu-en-sibarco-abre-la-ruta-de-sazon-atlantico-2023","status":"publish","type":"post","link":"https:\/\/podernacional.com\/?p=12118","title":{"rendered":"El Festival del Guand\u00fa en Sibarco abre la ruta de Saz\u00f3n Atl\u00e1ntico 2023"},"content":{"rendered":"<h4>Atlantico El Festival del Guandu en Sibarco<\/h4>\n<p>El <a href=\"https:\/\/whatsappmexico.com\/?p=11713\">Festival<\/a> del Guand\u00fa: Este s\u00e1bado 28 y domingo 29 de enero, Sibarco, corregimiento de Baranoa.<\/p>\n<p>El cual\u00a0prende los fogones de Saz\u00f3n Atl\u00e1ntico con el Festival del Guand\u00fa y el Bollo de Yuca.<\/p>\n<p>Desde las 8:00 de la ma\u00f1ana, estar\u00e1 habilitada la entrada al corregimiento.<\/p>\n<p>Lugar\u00a0donde 50 familias productoras alistan sus terrazas y patios para disfrutar la experiencia gastron\u00f3mica.<\/p>\n<p>Baranoa, enero 26 de 2023. Gobernaci\u00f3n del Atl\u00e1ntico. Este fin de semana se prenden los fogones de Saz\u00f3n Atl\u00e1ntico 2023.<\/p>\n<p>En medio de la agenda carnavalera que se vive en el departamento, el Festival del Guand\u00fa.<\/p>\n<p>As\u00ed como del Bollo de Yuca deleitar\u00e1 a los comensales atlanticenses un evento organizado por la Alcald\u00eda de Baranoa con el apoyo de la Gobernaci\u00f3n.<\/p>\n<h4>\u201cEn este gobierno nos propusimos potencializar los emprendimientos de nuestra gente, para reactivar la econom\u00eda del departamento\u201d.<\/h4>\n<p>\u201cAdem\u00e1s que\u00a0a la vez, preservar las tradiciones que hacen parte de nuestro patrimonio cultural\u201d.<\/p>\n<p>\u201cEste fin de semana, las puertas de Sibarco estar\u00e1n abiertas para deleitarse con el guand\u00fa\u201d.<\/p>\n<p>\u201cAs\u00ed como de\u00a0un plato insignia que disfrutamos durante el Carnaval del Atl\u00e1ntico\u201d, expres\u00f3 la gobernadora, Elsa Noguera.<\/p>\n<p>En Sibarco, los comensales encontrar\u00e1n variedad de arroces, sancochos, postres y otras variedades elaboradas con guand\u00fa.<\/p>\n<h4>Esto en, grano propio de la zona que hace parte de la gastronom\u00eda del Carnaval.<\/h4>\n<p>La agenda en el Atl\u00e1ntico contar\u00e1 con una diversa programaci\u00f3n durante el fin de semana:<\/p>\n<p>El s\u00e1bado, se vivir\u00e1n noches de bando en Tubar\u00e1, Galapa, Baranoa, Polonuevo, Juan de Acosta, Malambo, Luruaco y Pioj\u00f3.<\/p>\n<p>Mientras que el domingo se realizar\u00e1 La Mascarada Infantil en Pital de Megua, Carnaval del Adulto Mayor en Suan.<\/p>\n<p>As\u00ed como de\u00a0la Tarde del Folclor en Santo Tom\u00e1s.<\/p>\n","protected":false},"excerpt":{"rendered":"<p>Atlantico El Festival del Guandu en Sibarco El Festival del Guand\u00fa: Este s\u00e1bado 28 y domingo 29 de enero, Sibarco, corregimiento de Baranoa. El cual\u00a0prende los fogones de Saz\u00f3n Atl\u00e1ntico con el Festival del Guand\u00fa y el Bollo de Yuca. Desde las 8:00 de la ma\u00f1ana, estar\u00e1 habilitada la entrada al corregimiento. Lugar\u00a0donde 50 familias [&hellip;]<\/p>\n","protected":false},"author":1,"featured_media":12120,"comment_status":"open","ping_status":"closed","sticky":false,"template":"","format":"standard","meta":{"footnotes":""},"categories":[4],"tags":[],"class_list":["post-12118","post","type-post","status-publish","format-standard","has-post-thumbnail","hentry","category-espectaculos"],"_links":{"self":[{"href":"https:\/\/podernacional.com\/index.php?rest_route=\/wp\/v2\/posts\/12118","targetHints":{"allow":["GET"]}}],"collection":[{"href":"https:\/\/podernacional.com\/index.php?rest_route=\/wp\/v2\/posts"}],"about":[{"href":"https:\/\/podernacional.com\/index.php?rest_route=\/wp\/v2\/types\/post"}],"author":[{"embeddable":true,"href":"https:\/\/podernacional.com\/index.php?rest_route=\/wp\/v2\/users\/1"}],"replies":[{"embeddable":true,"href":"https:\/\/podernacional.com\/index.php?rest_route=%2Fwp%2Fv2%2Fcomments&post=12118"}],"version-history":[{"count":1,"href":"https:\/\/podernacional.com\/index.php?rest_route=\/wp\/v2\/posts\/12118\/revisions"}],"predecessor-version":[{"id":12119,"href":"https:\/\/podernacional.com\/index.php?rest_route=\/wp\/v2\/posts\/12118\/revisions\/12119"}],"wp:featuredmedia":[{"embeddable":true,"href":"https:\/\/podernacional.com\/index.php?rest_route=\/wp\/v2\/media\/12120"}],"wp:attachment":[{"href":"https:\/\/podernacional.com\/index.php?rest_route=%2Fwp%2Fv2%2Fmedia&parent=12118"}],"wp:term":[{"taxonomy":"category","embeddable":true,"href":"https:\/\/podernacional.com\/index.php?rest_route=%2Fwp%2Fv2%2Fcategories&post=12118"},{"taxonomy":"post_tag","embeddable":true,"href":"https:\/\/podernacional.com\/index.php?rest_route=%2Fwp%2Fv2%2Ftags&post=12118"}],"curies":[{"name":"wp","href":"https:\/\/api.w.org\/{rel}","templated":true}]}}