{"id":12169,"date":"2023-01-28T17:20:25","date_gmt":"2023-01-28T22:20:25","guid":{"rendered":"https:\/\/podernacional.com\/?p=12169"},"modified":"2023-01-28T22:20:27","modified_gmt":"2023-01-28T22:20:27","slug":"cuando-es-el-festival-de-la-ballena-gris-2023-disfruta-del-recorrido-en-bcs","status":"publish","type":"post","link":"https:\/\/podernacional.com\/?p=12169","title":{"rendered":"\u00bfCu\u00e1ndo es el Festival de la Ballena Gris 2023? Disfruta del recorrido en BCS"},"content":{"rendered":"<h4>Durante la temporada de ballenas Puerto Adolfo L\u00f3pez Mateos tendr\u00e1 un evento especial<\/h4>\n<p>Festival de la Ballena Gris: Toma en cuenta las distintas actividades que habr\u00e1 en el festival<\/p>\n<p>Anuncian Festival de la Ballena Gris en Baja California Sur.<\/p>\n<p>Baja California Sur es uno de los estados que se encarga de tener mayor actividad durante la temporada de ballenas.<\/p>\n<p>Pues aqu\u00ed llegan tres especies de cet\u00e1ceos. En esta ocasi\u00f3n, las autoridades del estado anunciaron el Festival de la Ballena Gris 2023.<\/p>\n<p>Esto\u00a0en el Puerto Adolfo L\u00f3pez Mateos, as\u00ed que si quieres disfrutar del avistamiento de esta especie, vivir este tipo de experiencia.<\/p>\n<p>Por ende\u00a0alista tu viaje y una parada en este puerto.<\/p>\n<p>Disfruta de Puerto Adolfo L\u00f3pez Mateos, sitio que promueve el ecoturismo.<\/p>\n<p>As\u00ed como\u00a0cuando llega la ballena gris a aguas mexicanas miles de visitantes esperan el festival, mismo que se realiza desde 1994.<\/p>\n<p>Adem\u00e1s de poder ver a la ballena gris se preparan varias actividades para todo el p\u00fablico.<\/p>\n<p>Toma nota de cu\u00e1ndo se realizar\u00e1 este evento imperdible en Baja California Sur.<\/p>\n<h4>\u00bfCu\u00e1ndo inicia el Festival de la Ballena Gris 2023?<\/h4>\n<p>La Secretar\u00eda de Turismo y Econom\u00eda de Baja California Sur inform\u00f3 que se acerca el Festival de la Ballena Gris en Puerto Morelos.<\/p>\n<p>Esto durante el primer puente oficial del 2023.<\/p>\n<p>As\u00ed que es una oportunidad ideal de disfrutar este megapuente de febrero, ya que se llevar\u00e1 a cabo del 4 al 5 de febrero.<\/p>\n<p>Visita Puerto Adolfo L\u00f3pez Mateos en Comond\u00fa, para poder vivir una de las experiencias naturales \u00fanicas que ofrece Baja California Sur, el avistamiento de ballenas.<\/p>\n<p>Al mismo tiempo habr\u00e1 conferencias, conciertos, exposiciones, ciclo de cine y concursos.<\/p>\n<p>Pero entre los favoritos est\u00e1 la organizaci\u00f3n de recorridos para conocer y tocar a las ballenas que se acercan a las embarcaciones.<\/p>\n<p>La ballena gris procede de los mares de Alaska, recorrer 9 mil kil\u00f3metros para llegar a las aguas templadas de Baja California Sur en invierno.<\/p>\n<p>Su trayecto inicia en los mares de Bering, donde se va alimentando para despu\u00e9s llegar a la costa occidental de la Pen\u00ednsula de Baja California.<\/p>\n<p>As\u00ed como del\u00a0Golfo de California, donde realizan sus actividades reproductivas de diciembre a abril.<\/p>\n","protected":false},"excerpt":{"rendered":"<p>Durante la temporada de ballenas Puerto Adolfo L\u00f3pez Mateos tendr\u00e1 un evento especial Festival de la Ballena Gris: Toma en cuenta las distintas actividades que habr\u00e1 en el festival Anuncian Festival de la Ballena Gris en Baja California Sur. Baja California Sur es uno de los estados que se encarga de tener mayor actividad durante [&hellip;]<\/p>\n","protected":false},"author":1,"featured_media":12171,"comment_status":"open","ping_status":"closed","sticky":false,"template":"","format":"standard","meta":{"footnotes":""},"categories":[4],"tags":[],"class_list":["post-12169","post","type-post","status-publish","format-standard","has-post-thumbnail","hentry","category-espectaculos"],"_links":{"self":[{"href":"https:\/\/podernacional.com\/index.php?rest_route=\/wp\/v2\/posts\/12169","targetHints":{"allow":["GET"]}}],"collection":[{"href":"https:\/\/podernacional.com\/index.php?rest_route=\/wp\/v2\/posts"}],"about":[{"href":"https:\/\/podernacional.com\/index.php?rest_route=\/wp\/v2\/types\/post"}],"author":[{"embeddable":true,"href":"https:\/\/podernacional.com\/index.php?rest_route=\/wp\/v2\/users\/1"}],"replies":[{"embeddable":true,"href":"https:\/\/podernacional.com\/index.php?rest_route=%2Fwp%2Fv2%2Fcomments&post=12169"}],"version-history":[{"count":1,"href":"https:\/\/podernacional.com\/index.php?rest_route=\/wp\/v2\/posts\/12169\/revisions"}],"predecessor-version":[{"id":12170,"href":"https:\/\/podernacional.com\/index.php?rest_route=\/wp\/v2\/posts\/12169\/revisions\/12170"}],"wp:featuredmedia":[{"embeddable":true,"href":"https:\/\/podernacional.com\/index.php?rest_route=\/wp\/v2\/media\/12171"}],"wp:attachment":[{"href":"https:\/\/podernacional.com\/index.php?rest_route=%2Fwp%2Fv2%2Fmedia&parent=12169"}],"wp:term":[{"taxonomy":"category","embeddable":true,"href":"https:\/\/podernacional.com\/index.php?rest_route=%2Fwp%2Fv2%2Fcategories&post=12169"},{"taxonomy":"post_tag","embeddable":true,"href":"https:\/\/podernacional.com\/index.php?rest_route=%2Fwp%2Fv2%2Ftags&post=12169"}],"curies":[{"name":"wp","href":"https:\/\/api.w.org\/{rel}","templated":true}]}}