{"id":12193,"date":"2023-01-29T12:22:35","date_gmt":"2023-01-29T17:22:35","guid":{"rendered":"https:\/\/podernacional.com\/?p=12193"},"modified":"2023-01-29T17:22:36","modified_gmt":"2023-01-29T17:22:36","slug":"festival-internacional-jazz-plaza-2023-concluye-en-cuba","status":"publish","type":"post","link":"https:\/\/podernacional.com\/?p=12193","title":{"rendered":"Festival Internacional Jazz Plaza 2023 concluye en Cuba"},"content":{"rendered":"<h4>La edici\u00f3n 38 del Festival Internacional Jazz Plaza 2023 concluye hoy luego de m\u00e1s de 100 conciertos en cerca de 20 escenarios.<\/h4>\n<p>Festival Internacional Jazz: Al igual que de plazas y parques de esta capital y Santiago de Cuba.<\/p>\n<p>En el evento participaron artistas de Cuba, Argentina, Brasil, Camer\u00fan, Espa\u00f1a, Francia, Congo, M\u00e9xico, Italia, Alemania, Portugal.<\/p>\n<p>Adem\u00e0s de\u00a0Per\u00fa, Canad\u00e1, Reino Unido, Pa\u00edses Bajos, Noruega, Reino Unido, Sur\u00e1frica y Estados Unidos.<\/p>\n<p>Para el pianista cubano Rolando Luna, durante su historia el evento ha constituido un momento especial para su carrera.<\/p>\n<p>Esto pues le ha permitido intercambiar con algunos de los artistas que m\u00e1s admira.<\/p>\n<p>As\u00ec como\u00a0entre ellos Gonzalo Rubalcaba, Chucho Vald\u00e9s y la agrupaci\u00f3n Irakere.<\/p>\n<p>\u201cParticip\u00e9 muy joven en 2001 o 2002 y, a partir de entonces, siempre trato de estar\u201c, dijo al diario del Festival.<\/p>\n<p>\u201cHemos tenido la oportunidad de visitar espect\u00e1culos alrededor del orbe y todos\u201d.<\/p>\n<p>\u201cAl igual\u00a0cada uno de los m\u00e1s renombrados m\u00fasicos jazzistas siempre se asombran de la calidad t\u00e9cnica e interpretativa de los cubanos\u201d.<\/p>\n<h4>\u201cRegresar al Festival es hacerlo en uno de los m\u00e1s importantes del mundo, seg\u00fan el tambi\u00e9n pianista cubano Nachito Herrera.<\/h4>\n<p>\u201cNo podemos olvidar la gran influencia de la isla en el desarrollo del g\u00e9nero y en la creaci\u00f3n de lo que hoy en d\u00eda conocemos como Jazz Latino\u201d.<\/p>\n<p>\u201cRecib\u00ed una inyecci\u00f3n de inspiraci\u00f3n y energ\u00eda de los nuevos talentos que Cuba forma\u201c, agreg\u00f3.<\/p>\n<p>En la capital habanera, los conciertos tuvieron como sedes los teatros Nacional, Mart\u00ed, Am\u00e9rica, L\u00e1zaro Pe\u00f1a, el Museo Nacional de Bellas Artes.<\/p>\n<p>Ademas del Centro Cultural Bertolt Brecht, el Pabell\u00f3n Cuba, la Casa de la Cultura de Plaza.<\/p>\n<p>As\u00ec como de la F\u00e1brica de Arte Cubano y el Sal\u00f3n Rosado de la Tropical.<\/p>\n<p>Mientras en Santiago de Cuba, las presentaciones llegaron a las comunidades Mart\u00ed y Moncada, la Plaza Martes y el Boulevard Parque Dolores.<\/p>\n<p>El encuentro tambi\u00e9n homenaje\u00f3 a la agrupaci\u00f3n rumbera Los Mu\u00f1equitos de Matanzas por sus 70 a\u00f1os.<\/p>\n<p>As\u00ec como\u00a0al trompetista Bobby Carcass\u00e9s que arriba a sus 85 a\u00f1os.<\/p>\n<p>Al igual que\u00a0la compositora Martha Vald\u00e9s, al percusionista Chano Pozo y al pianista Hern\u00e1n L\u00f3pez Nusa.<\/p>\n","protected":false},"excerpt":{"rendered":"<p>La edici\u00f3n 38 del Festival Internacional Jazz Plaza 2023 concluye hoy luego de m\u00e1s de 100 conciertos en cerca de 20 escenarios. Festival Internacional Jazz: Al igual que de plazas y parques de esta capital y Santiago de Cuba. En el evento participaron artistas de Cuba, Argentina, Brasil, Camer\u00fan, Espa\u00f1a, Francia, Congo, M\u00e9xico, Italia, Alemania, [&hellip;]<\/p>\n","protected":false},"author":1,"featured_media":12195,"comment_status":"open","ping_status":"closed","sticky":false,"template":"","format":"standard","meta":{"footnotes":""},"categories":[4],"tags":[],"class_list":["post-12193","post","type-post","status-publish","format-standard","has-post-thumbnail","hentry","category-espectaculos"],"_links":{"self":[{"href":"https:\/\/podernacional.com\/index.php?rest_route=\/wp\/v2\/posts\/12193","targetHints":{"allow":["GET"]}}],"collection":[{"href":"https:\/\/podernacional.com\/index.php?rest_route=\/wp\/v2\/posts"}],"about":[{"href":"https:\/\/podernacional.com\/index.php?rest_route=\/wp\/v2\/types\/post"}],"author":[{"embeddable":true,"href":"https:\/\/podernacional.com\/index.php?rest_route=\/wp\/v2\/users\/1"}],"replies":[{"embeddable":true,"href":"https:\/\/podernacional.com\/index.php?rest_route=%2Fwp%2Fv2%2Fcomments&post=12193"}],"version-history":[{"count":1,"href":"https:\/\/podernacional.com\/index.php?rest_route=\/wp\/v2\/posts\/12193\/revisions"}],"predecessor-version":[{"id":12194,"href":"https:\/\/podernacional.com\/index.php?rest_route=\/wp\/v2\/posts\/12193\/revisions\/12194"}],"wp:featuredmedia":[{"embeddable":true,"href":"https:\/\/podernacional.com\/index.php?rest_route=\/wp\/v2\/media\/12195"}],"wp:attachment":[{"href":"https:\/\/podernacional.com\/index.php?rest_route=%2Fwp%2Fv2%2Fmedia&parent=12193"}],"wp:term":[{"taxonomy":"category","embeddable":true,"href":"https:\/\/podernacional.com\/index.php?rest_route=%2Fwp%2Fv2%2Fcategories&post=12193"},{"taxonomy":"post_tag","embeddable":true,"href":"https:\/\/podernacional.com\/index.php?rest_route=%2Fwp%2Fv2%2Ftags&post=12193"}],"curies":[{"name":"wp","href":"https:\/\/api.w.org\/{rel}","templated":true}]}}