{"id":12244,"date":"2023-01-30T19:03:35","date_gmt":"2023-01-31T00:03:35","guid":{"rendered":"https:\/\/podernacional.com\/?p=12244"},"modified":"2023-01-31T00:03:38","modified_gmt":"2023-01-31T00:03:38","slug":"mas-de-20-000-personas-disfrutaron-del-festival-centro-2023","status":"publish","type":"post","link":"https:\/\/podernacional.com\/?p=12244","title":{"rendered":"M\u00e1s de 20.000 personas disfrutaron del Festival Centro 2023"},"content":{"rendered":"<h4>Bogot\u00e1 le dijo s\u00ed al Festival Centro 2023 \u201cLos sonidos de la diferencia\u201d.<\/h4>\n<p>Festival Centro 2023: Fue el que disfrut\u00f3 de cuatro d\u00edas de m\u00fasica con una oferta que incluy\u00f3 g\u00e9neros diversos como:<\/p>\n<p>Rock, pop, rap, punk, metal, fusi\u00f3n, indie, tropical, cumbia, llanero, vallenato, andino, latinoamericano, contempor\u00e1neo e infantil, entre otros.<\/p>\n<p>\u201cCerramos con \u00e9xito El Festival Centro 2023, nos sentimos muy orgulloso de generar espacios seguros para el arte y la cultura\u201d.<\/p>\n<p>As\u00ed como de\u00a0espacios diversos para disfrutar, compartir y gozarnos la ciudad.<\/p>\n<p>Gracias a Bogot\u00e1 por creer y aceptar la invitaci\u00f3n vivir los sonidos de la diferencia.<\/p>\n<p>\u201cEste es el legado que le dejamos a la ciudad\u201d, expres\u00f3 Margarita D\u00edaz, Directora de la FUGA.<\/p>\n<p>29 artistas locales, nacionales e internacionales llenaron de \u00a0alegr\u00eda y sabor \u00a0los 5 escenarios que se dispusieron para este festival.<\/p>\n<p>La inauguraci\u00f3n del Festival se realiz\u00f3 en el Bronx Distrito Creativo e incluy\u00f3 a artistas como La Real del Sonido.<\/p>\n<p>Adem\u00e1s de\u00a0la banda antioque\u00f1a Margarita Siempre Viva, la agrupaci\u00f3n del Orinoco, Cimarr\u00f3n.<\/p>\n<p>Los Cumbia Stars, el colectivo colombo brit\u00e1nico Mestizo y el rapero venezolano Lil Supa\u2019.<\/p>\n<p>Para el segundo d\u00eda, el teatro Col\u00f3n y El Muelle de la FUGA fueron los escenarios escogidos para que los asistentes pudieran disfrutar.<\/p>\n<p>De las presentaciones de Radamel, Diego Lorenzini, Duplat, Rap Filarm\u00f3nico; Naci\u00f3n Ekeko, Cerrero y La Marea, Flor de Cerezo.<\/p>\n<h4>Al igual que\u00a0Motilonas Rap, Trip Trip TRip y Malayo Tapir.<\/h4>\n<p>La plazoleta de City U se llen\u00f3 de los sonidos de la diferencia en el tercer d\u00eda del Festival.<\/p>\n<p>Artistas y grupos como Las Mijas, Colectivo de Fuego, Pilar Cabrera, Babool, Cacao Munch.<\/p>\n<p>Adem\u00e1s de\u00a0la cumbia de Yeison Landero pusieron a bailar a cada uno de los asistentes.<\/p>\n<p>La clausura del festival se realiz\u00f3 en el emblem\u00e1tico teatro Jorge Eli\u00e9cer Gait\u00e1n.<\/p>\n<p>La franja familiar estuvo a cargo de Suricato y Las Nadas y en la tarde los Yoryis, Nuevo Joropo, Mar\u00eda Cristina Plata, Lido Pimienta.<\/p>\n<p>Adem\u00e1s de la\u00a0Alfredo Guti\u00e9rrez fueron los encargados de cerrar con broche de oro estos cuatro d\u00edas de homenaje a los sonidos de la diferencia.<\/p>\n<p>En esta oportunidad el Festival Centro rindi\u00f3 homenaje al maestro Alfredo Guti\u00e9rrez por sus 80 a\u00f1os de vida.<\/p>\n<p>Adem\u00e1s de la realizaci\u00f3n del conversatorio \u201cLa leyenda Alfredo Guti\u00e9rrez\u201d.<\/p>\n<p>Al igual que el artista recibi\u00f3 un reconocimiento de manos de la alcaldesa de Bogot\u00e1, Claudia L\u00f3pez.<\/p>\n<p>Adem\u00e1s de\u00a0la secretaria de Cultura Catalina Valencia y Margarita D\u00edaz, directora de la FUGA.<\/p>\n","protected":false},"excerpt":{"rendered":"<p>Bogot\u00e1 le dijo s\u00ed al Festival Centro 2023 \u201cLos sonidos de la diferencia\u201d. Festival Centro 2023: Fue el que disfrut\u00f3 de cuatro d\u00edas de m\u00fasica con una oferta que incluy\u00f3 g\u00e9neros diversos como: Rock, pop, rap, punk, metal, fusi\u00f3n, indie, tropical, cumbia, llanero, vallenato, andino, latinoamericano, contempor\u00e1neo e infantil, entre otros. \u201cCerramos con \u00e9xito El [&hellip;]<\/p>\n","protected":false},"author":1,"featured_media":12246,"comment_status":"open","ping_status":"closed","sticky":false,"template":"","format":"standard","meta":{"footnotes":""},"categories":[4],"tags":[],"class_list":["post-12244","post","type-post","status-publish","format-standard","has-post-thumbnail","hentry","category-espectaculos"],"_links":{"self":[{"href":"https:\/\/podernacional.com\/index.php?rest_route=\/wp\/v2\/posts\/12244","targetHints":{"allow":["GET"]}}],"collection":[{"href":"https:\/\/podernacional.com\/index.php?rest_route=\/wp\/v2\/posts"}],"about":[{"href":"https:\/\/podernacional.com\/index.php?rest_route=\/wp\/v2\/types\/post"}],"author":[{"embeddable":true,"href":"https:\/\/podernacional.com\/index.php?rest_route=\/wp\/v2\/users\/1"}],"replies":[{"embeddable":true,"href":"https:\/\/podernacional.com\/index.php?rest_route=%2Fwp%2Fv2%2Fcomments&post=12244"}],"version-history":[{"count":1,"href":"https:\/\/podernacional.com\/index.php?rest_route=\/wp\/v2\/posts\/12244\/revisions"}],"predecessor-version":[{"id":12245,"href":"https:\/\/podernacional.com\/index.php?rest_route=\/wp\/v2\/posts\/12244\/revisions\/12245"}],"wp:featuredmedia":[{"embeddable":true,"href":"https:\/\/podernacional.com\/index.php?rest_route=\/wp\/v2\/media\/12246"}],"wp:attachment":[{"href":"https:\/\/podernacional.com\/index.php?rest_route=%2Fwp%2Fv2%2Fmedia&parent=12244"}],"wp:term":[{"taxonomy":"category","embeddable":true,"href":"https:\/\/podernacional.com\/index.php?rest_route=%2Fwp%2Fv2%2Fcategories&post=12244"},{"taxonomy":"post_tag","embeddable":true,"href":"https:\/\/podernacional.com\/index.php?rest_route=%2Fwp%2Fv2%2Ftags&post=12244"}],"curies":[{"name":"wp","href":"https:\/\/api.w.org\/{rel}","templated":true}]}}