{"id":12250,"date":"2023-01-30T19:42:35","date_gmt":"2023-01-31T00:42:35","guid":{"rendered":"https:\/\/podernacional.com\/?p=12250"},"modified":"2023-01-31T00:42:36","modified_gmt":"2023-01-31T00:42:36","slug":"la-oms-mantiene-a-la-covid-como-emergencia-internacional-pero-ve-ya-un-punto-de-inflexion","status":"publish","type":"post","link":"https:\/\/podernacional.com\/?p=12250","title":{"rendered":"La OMS mantiene a la covid como emergencia internacional, pero ve ya un \u201cpunto de inflexi\u00f3n\u201d"},"content":{"rendered":"<h4>La organizaci\u00f3n pide a los Estados m\u00e1s vacunaci\u00f3n, m\u00e1s vigilancia y refuerzo de los sistemas para poder pasar p\u00e1gina oficialmente<\/h4>\n<p>La <a href=\"https:\/\/whatsappmexico.com\/?p=11795\">OMS<\/a>: Tedros Adhanom Ghebreyesus, director general de la OMS.<\/p>\n<p>La pandemia de covid se acerca a un \u201cpunto de inflexi\u00f3n\u201d. As\u00ed lo ve la Organizaci\u00f3n Mundial de la Salud (OMS).<\/p>\n<p>El cual\u00a0sigue considerando a la enfermedad una \u201cemergencia sanitaria internacional\u201d.<\/p>\n<p>Esto tras una reuni\u00f3n para evaluarla que celebr\u00f3 en Ginebra el viernes y cuyos resultados se han conocido este lunes.<\/p>\n<p>Los miembros del comit\u00e9 de emergencia mantienen este estatus al considerar que el coronavirus todav\u00eda puede tener un impacto significativo en la salud p\u00fablica.<\/p>\n<p>Esto\u00a0con un n\u00famero elevado de muertes en comparaci\u00f3n con otras enfermedades infecciosas respiratorias.<\/p>\n<p>As\u00ed como\u00a0la \u201caceptaci\u00f3n insuficiente\u201d de la vacuna en los pa\u00edses de bajos y medios ingresos.<\/p>\n<p>As\u00ed como en los grupos de mayor riesgo, y la incertidumbre asociada con las variantes emergentes.<\/p>\n<p>El comit\u00e9 se re\u00fane cada tres meses desde que se decret\u00f3 la emergencia internacional, hace justamente tres a\u00f1os (el 30 de enero de 2020).<\/p>\n<p>Despu\u00e9s de haber superado el pico de contagios en China sin repercusi\u00f3n significativa fuera del pa\u00eds.<\/p>\n<h4>Adem\u00e1s que variantes amenazantes como la XBB.1.5 (m\u00e1s conocida como kraken) no hayan mostrado tener un impacto notable.<\/h4>\n<p>Esto\u00a0en los sistemas sanitarios, algunos expertos consideraban que esta reuni\u00f3n pod\u00eda ser la que decidiera poner punto y final a la emergencia.<\/p>\n<p>El hecho de estar o no en emergencia internacional es la forma que la OMS tiene para agilizar decisiones.<\/p>\n<p>Aunque a efectos pr\u00e1cticos no suponga ninguna obligaci\u00f3n para los pa\u00edses (a los que la organizaci\u00f3n no puede forzar a tomar ninguna decisi\u00f3n).<\/p>\n<p>As\u00ed mismo\u00a0es un medio para movilizar recursos de forma m\u00e1s r\u00e1pida y dictar resoluciones que tengan m\u00e1s eco en los Estados miembros.<\/p>\n<p>Para que una enfermedad sea considerada emergencia sanitaria internacional debe tener un impacto grave en la salud p\u00fablica.<\/p>\n<p>Al igual de\u00a0ser inusual e inesperada, con riesgo de expansi\u00f3n internacional.<\/p>\n<p>Adem\u00e1s de\u00a0que tenga capacidad de generar restricci\u00f3n de movimientos de bienes o personas.<\/p>\n<p>Para superar la emergencia, la OMS pide a los Estados implementar planes de acci\u00f3n de prevenci\u00f3n, vigilancia y control sostenibles.<\/p>\n<h4>As\u00ed mismo como de\u00a0sistem\u00e1ticos y a largo plazo.<\/h4>\n<p>Entretanto, les conmina a permanecer alerta y continuar reportando datos de vigilancia y secuenciaci\u00f3n gen\u00f3mica.<\/p>\n<p>Al igual que recomendar medidas sociales y de salud p\u00fablica; vacunar a las poblaciones con mayor riesgo para minimizar las enfermedades graves.<\/p>\n<p>Adem\u00e1s de\u00a0las muertes; y llevar a cabo una comunicaci\u00f3n de riesgos peri\u00f3dica.<\/p>\n<p>El cual est\u00e1\u00a0respondiendo a las preocupaciones de la poblaci\u00f3n e involucrando a las comunidades para mejorar la comprensi\u00f3n y la implementaci\u00f3n de las contramedidas.<\/p>\n<p>Los expertos de la OMS se reunir\u00e1n dentro de tres meses para volver a evaluar la situaci\u00f3n.<\/p>\n<p>Depender\u00e1 del estado epid\u00e9mico del mundo y de que los pa\u00edses hayan implementado estas medidas si contin\u00faa la emergencia.<\/p>\n<p>Adem\u00e1s de\u00a0la convivencia con el coronavirus es, oficialmente, la nueva normalidad.<\/p>\n","protected":false},"excerpt":{"rendered":"<p>La organizaci\u00f3n pide a los Estados m\u00e1s vacunaci\u00f3n, m\u00e1s vigilancia y refuerzo de los sistemas para poder pasar p\u00e1gina oficialmente La OMS: Tedros Adhanom Ghebreyesus, director general de la OMS. La pandemia de covid se acerca a un \u201cpunto de inflexi\u00f3n\u201d. As\u00ed lo ve la Organizaci\u00f3n Mundial de la Salud (OMS). El cual\u00a0sigue considerando a [&hellip;]<\/p>\n","protected":false},"author":1,"featured_media":12252,"comment_status":"open","ping_status":"closed","sticky":false,"template":"","format":"standard","meta":{"footnotes":""},"categories":[11],"tags":[],"class_list":["post-12250","post","type-post","status-publish","format-standard","has-post-thumbnail","hentry","category-salud"],"_links":{"self":[{"href":"https:\/\/podernacional.com\/index.php?rest_route=\/wp\/v2\/posts\/12250","targetHints":{"allow":["GET"]}}],"collection":[{"href":"https:\/\/podernacional.com\/index.php?rest_route=\/wp\/v2\/posts"}],"about":[{"href":"https:\/\/podernacional.com\/index.php?rest_route=\/wp\/v2\/types\/post"}],"author":[{"embeddable":true,"href":"https:\/\/podernacional.com\/index.php?rest_route=\/wp\/v2\/users\/1"}],"replies":[{"embeddable":true,"href":"https:\/\/podernacional.com\/index.php?rest_route=%2Fwp%2Fv2%2Fcomments&post=12250"}],"version-history":[{"count":1,"href":"https:\/\/podernacional.com\/index.php?rest_route=\/wp\/v2\/posts\/12250\/revisions"}],"predecessor-version":[{"id":12251,"href":"https:\/\/podernacional.com\/index.php?rest_route=\/wp\/v2\/posts\/12250\/revisions\/12251"}],"wp:featuredmedia":[{"embeddable":true,"href":"https:\/\/podernacional.com\/index.php?rest_route=\/wp\/v2\/media\/12252"}],"wp:attachment":[{"href":"https:\/\/podernacional.com\/index.php?rest_route=%2Fwp%2Fv2%2Fmedia&parent=12250"}],"wp:term":[{"taxonomy":"category","embeddable":true,"href":"https:\/\/podernacional.com\/index.php?rest_route=%2Fwp%2Fv2%2Fcategories&post=12250"},{"taxonomy":"post_tag","embeddable":true,"href":"https:\/\/podernacional.com\/index.php?rest_route=%2Fwp%2Fv2%2Ftags&post=12250"}],"curies":[{"name":"wp","href":"https:\/\/api.w.org\/{rel}","templated":true}]}}