{"id":12275,"date":"2023-01-31T11:37:43","date_gmt":"2023-01-31T16:37:43","guid":{"rendered":"https:\/\/podernacional.com\/?p=12275"},"modified":"2023-01-31T16:38:13","modified_gmt":"2023-01-31T16:38:13","slug":"grupo-cumbres-entrega-donativo-a-bomberos-de-cancun","status":"publish","type":"post","link":"https:\/\/podernacional.com\/?p=12275","title":{"rendered":"Grupo Cumbres entrega donativo a Bomberos de Canc\u00fan"},"content":{"rendered":"<p>El comandante Arturo Sosa, director general del H. Cuerpo de Bomberos de Canc\u00fan recibi\u00f3 este martes el donativo de 25 mil pesos otorgado por Grupo Cumbres en coordinaci\u00f3n con Motionevents.<\/p>\n<p>Eduardo Mart\u00ednez, director general de Grupo Cumbres acompa\u00f1ado de la directora comercial Gabriela Pi\u00f1a entregaron el donativo correspondiente para contribuir a las mejoras de las instalaciones y equipacion del Cuerpo de Bomberos de Canc\u00fan.<\/p>\n<p>\u00abEste donativo lo hacemos con mucho cari\u00f1o, es la s\u00e9ptima ocasi\u00f3n y lo seguiremos haciendo, es un reconocimiento a su gran labor y contribuci\u00f3n a nuestra sociedad\u00bb expres\u00f3 Eduardo Mart\u00ednez y Gabriela Pi\u00f1a recalc\u00f3 \u00abustedes son en unos verdaderos h\u00e9roes\u00bb.<\/p>\n<p><img loading=\"lazy\" decoding=\"async\" class=\"alignnone size-medium wp-image-22728\" src=\"https:\/\/podernacional.com\/wp-content\/uploads\/2023\/01\/WhatsApp-Image-2023-01-31-at-11.10.29-1.jpeg\" alt=\"\" width=\"300\" height=\"118\" \/><\/p>\n<p>El Comandante Arturo Sosa, junto con el subdirector Aqu\u00edleo Cervantes y Sandra Smith, presidenta del patronato del Cuerpo de Bomberos recibieron con agrado el donativo en presencia de sus integrantes \u00abmuchas gracias por considerarnos y contribuir para contar con mejores equipos y condiciones de trabajo en beneficio de la ciudadan\u00eda\u00bb indic\u00f3 el director general.<\/p>\n<p>El donativo entregado al H. Cuerpo de Bomberos corresponde a la S\u00e9ptima edici\u00f3n de la Carrera Cumbre, efectuada el 9 de octubre del 2022 en la cual compitieron mil corredores en las divisiones de tres, seis y nueve kilometros, coment\u00f3 Armando Macias director de Motionevents.<\/p>\n<p>Para finalizar la entrega del donativo, los directivos de Grupo Cumbres y Motionevents, durante la fotografia del recuerdo, confirmaron la octava carrera para el mes de octubre, quedando por determinar la fecha y las caracter\u00edsticas del evento, por supuesto en beneficio de los Bomberos de Canc\u00fan.<\/p>\n","protected":false},"excerpt":{"rendered":"<p>El comandante Arturo Sosa, director general del H. Cuerpo de Bomberos de Canc\u00fan recibi\u00f3 este martes el donativo de 25 mil pesos otorgado por Grupo Cumbres en coordinaci\u00f3n con Motionevents. Eduardo Mart\u00ednez, director general de Grupo Cumbres acompa\u00f1ado de la directora comercial Gabriela Pi\u00f1a entregaron el donativo correspondiente para contribuir a las mejoras de las [&hellip;]<\/p>\n","protected":false},"author":1,"featured_media":12277,"comment_status":"open","ping_status":"closed","sticky":false,"template":"","format":"standard","meta":{"footnotes":""},"categories":[6],"tags":[],"class_list":["post-12275","post","type-post","status-publish","format-standard","has-post-thumbnail","hentry","category-local"],"_links":{"self":[{"href":"https:\/\/podernacional.com\/index.php?rest_route=\/wp\/v2\/posts\/12275","targetHints":{"allow":["GET"]}}],"collection":[{"href":"https:\/\/podernacional.com\/index.php?rest_route=\/wp\/v2\/posts"}],"about":[{"href":"https:\/\/podernacional.com\/index.php?rest_route=\/wp\/v2\/types\/post"}],"author":[{"embeddable":true,"href":"https:\/\/podernacional.com\/index.php?rest_route=\/wp\/v2\/users\/1"}],"replies":[{"embeddable":true,"href":"https:\/\/podernacional.com\/index.php?rest_route=%2Fwp%2Fv2%2Fcomments&post=12275"}],"version-history":[{"count":1,"href":"https:\/\/podernacional.com\/index.php?rest_route=\/wp\/v2\/posts\/12275\/revisions"}],"predecessor-version":[{"id":12276,"href":"https:\/\/podernacional.com\/index.php?rest_route=\/wp\/v2\/posts\/12275\/revisions\/12276"}],"wp:featuredmedia":[{"embeddable":true,"href":"https:\/\/podernacional.com\/index.php?rest_route=\/wp\/v2\/media\/12277"}],"wp:attachment":[{"href":"https:\/\/podernacional.com\/index.php?rest_route=%2Fwp%2Fv2%2Fmedia&parent=12275"}],"wp:term":[{"taxonomy":"category","embeddable":true,"href":"https:\/\/podernacional.com\/index.php?rest_route=%2Fwp%2Fv2%2Fcategories&post=12275"},{"taxonomy":"post_tag","embeddable":true,"href":"https:\/\/podernacional.com\/index.php?rest_route=%2Fwp%2Fv2%2Ftags&post=12275"}],"curies":[{"name":"wp","href":"https:\/\/api.w.org\/{rel}","templated":true}]}}