{"id":12278,"date":"2023-01-31T17:18:01","date_gmt":"2023-01-31T22:18:01","guid":{"rendered":"https:\/\/podernacional.com\/?p=12278"},"modified":"2023-01-31T22:18:02","modified_gmt":"2023-01-31T22:18:02","slug":"anuncian-octava-edicion-de-hay-festival-queretaro-2023","status":"publish","type":"post","link":"https:\/\/podernacional.com\/?p=12278","title":{"rendered":"Anuncian octava edici\u00f3n de Hay Festival Quer\u00e9taro 2023"},"content":{"rendered":"<h4>En presencia de la Directora Internacional del Hay Festival, Cristina Fuentes La Roche, el Presidente Municipal de Quer\u00e9taro, Luis Nava.<\/h4>\n<p><a href=\"https:\/\/whatsappmexico.com\/\">Hay<\/a> Festival Quer\u00e9taro 2023: El cual firm\u00f3 el convenio de colaboraci\u00f3n para la celebraci\u00f3n de esta octava edici\u00f3n.<\/p>\n<p>El presidente municipal, Luis Nava.<\/p>\n<p>El cual\u00a0atestigu\u00f3 el convenio que asegura la celebraci\u00f3n de la octava edici\u00f3n del Hay Festival 2023 en Quer\u00e9taro.<\/p>\n<p>El cual se llevar\u00e1 a cabo del 7 al 10 de septiembre y tendr\u00e1 como sede principal el Centro Hist\u00f3rico del estado.<\/p>\n<p>Durante el Hay Festival se contar\u00e1 con un amplio programa de actividades presenciales, digitales e inclusivas.<\/p>\n<p>Adem\u00e1s de que tambi\u00e9n llegar\u00e1n a las 7 delegaciones y a otros municipios de la entidad como Cadereyta, San Juan del R\u00edo y Corregidora.<\/p>\n<h4>Asimismo, en este evento se podr\u00e1 tener acceso a la literatura, a la ciencia, a la tecnolog\u00eda.<\/h4>\n<p>As\u00ed como\u00a0a las artes y al debate de las ideas coyunturales.<\/p>\n<p>Esto\u00a0por lo que estar\u00e1 dirigido a un p\u00fablico infantil, adulto y universitario.<\/p>\n<p>M\u00e1s de un mill\u00f3n de espectadores<\/p>\n<p>En los \u00faltimos siete a\u00f1os en los que se ha celebrado el Hay Festival en Quer\u00e9taro se ha disfrutado de 682 eventos.<\/p>\n<p>Adem\u00e1s que\u00a0con 966 participantes de m\u00e1s de 30 pa\u00edses, y con un alcance de m\u00e1s de un mill\u00f3n 200 mil espectadores presenciales y digitales.<\/p>\n<p>Adem\u00e1s, en lo que se refiere al programa de actividades, este se anunciar\u00e1 los primeros d\u00edas del pr\u00f3ximo mes de julio.<\/p>\n","protected":false},"excerpt":{"rendered":"<p>En presencia de la Directora Internacional del Hay Festival, Cristina Fuentes La Roche, el Presidente Municipal de Quer\u00e9taro, Luis Nava. Hay Festival Quer\u00e9taro 2023: El cual firm\u00f3 el convenio de colaboraci\u00f3n para la celebraci\u00f3n de esta octava edici\u00f3n. El presidente municipal, Luis Nava. El cual\u00a0atestigu\u00f3 el convenio que asegura la celebraci\u00f3n de la octava edici\u00f3n [&hellip;]<\/p>\n","protected":false},"author":1,"featured_media":12280,"comment_status":"open","ping_status":"closed","sticky":false,"template":"","format":"standard","meta":{"footnotes":""},"categories":[2],"tags":[],"class_list":["post-12278","post","type-post","status-publish","format-standard","has-post-thumbnail","hentry","category-cultural"],"_links":{"self":[{"href":"https:\/\/podernacional.com\/index.php?rest_route=\/wp\/v2\/posts\/12278","targetHints":{"allow":["GET"]}}],"collection":[{"href":"https:\/\/podernacional.com\/index.php?rest_route=\/wp\/v2\/posts"}],"about":[{"href":"https:\/\/podernacional.com\/index.php?rest_route=\/wp\/v2\/types\/post"}],"author":[{"embeddable":true,"href":"https:\/\/podernacional.com\/index.php?rest_route=\/wp\/v2\/users\/1"}],"replies":[{"embeddable":true,"href":"https:\/\/podernacional.com\/index.php?rest_route=%2Fwp%2Fv2%2Fcomments&post=12278"}],"version-history":[{"count":1,"href":"https:\/\/podernacional.com\/index.php?rest_route=\/wp\/v2\/posts\/12278\/revisions"}],"predecessor-version":[{"id":12279,"href":"https:\/\/podernacional.com\/index.php?rest_route=\/wp\/v2\/posts\/12278\/revisions\/12279"}],"wp:featuredmedia":[{"embeddable":true,"href":"https:\/\/podernacional.com\/index.php?rest_route=\/wp\/v2\/media\/12280"}],"wp:attachment":[{"href":"https:\/\/podernacional.com\/index.php?rest_route=%2Fwp%2Fv2%2Fmedia&parent=12278"}],"wp:term":[{"taxonomy":"category","embeddable":true,"href":"https:\/\/podernacional.com\/index.php?rest_route=%2Fwp%2Fv2%2Fcategories&post=12278"},{"taxonomy":"post_tag","embeddable":true,"href":"https:\/\/podernacional.com\/index.php?rest_route=%2Fwp%2Fv2%2Ftags&post=12278"}],"curies":[{"name":"wp","href":"https:\/\/api.w.org\/{rel}","templated":true}]}}