{"id":12281,"date":"2023-01-31T17:22:00","date_gmt":"2023-01-31T22:22:00","guid":{"rendered":"https:\/\/podernacional.com\/?p=12281"},"modified":"2023-01-31T22:22:01","modified_gmt":"2023-01-31T22:22:01","slug":"neu-festival-pone-el-broche-de-oro-a-su-novena-edicion","status":"publish","type":"post","link":"https:\/\/podernacional.com\/?p=12281","title":{"rendered":"NEU! Festival pone el broche de oro a su novena edici\u00f3n"},"content":{"rendered":"<h4>El pasado fin de semana el NEU! Festival finaliz\u00f3 su novena edici\u00f3n tras doce d\u00edas de programaci\u00f3n y un m\u00e1s de 3.000 asistentes.<\/h4>\n<p>NEU! Festival: Durante su celebraci\u00f3n, han tenido lugar 24 actuaciones en un total de 13 salas, teatros y espacios p\u00fablicos de la ciudad de Girona.<\/p>\n<p>El festival clausur\u00f3 su edici\u00f3n con dos d\u00edas de amplia y variada programaci\u00f3n.<\/p>\n<p>El 27 de enero se celebr\u00f3 la primera edici\u00f3n del NEU! PRO, agotando las plazas disponibles.<\/p>\n<p>Esto\u00a0con lo que se erige como una nueva feria profesional a tener muy en cuenta en el sector.<\/p>\n<p>Los espectadores pudieron asistir a coloquios de Dani Poveda (director del Vida! Festivla) y SHB. (productor de Morad o Bad Gyal).<\/p>\n<p>O\u00a0a una mesa redonda entre Cala Vento, Rufus T. Firefly y Joan Luna (director de Mondo Sonoro).<\/p>\n<p>Tambi\u00e9n tuvo lugar la retransmisi\u00f3n en directo del podcast \u00abSimpat\u00eda por la industria musical\u00bb.<\/p>\n<p>Lugar en\u00a0donde Carlos Gal\u00e1n (CEO de Subterfuge) entrevistaba a Santi Carrillo (director editorial de Rockdelux).<\/p>\n<h4>La jornada finaliz\u00f3 con los conciertos de Amanda Miranda y Ernest Crusats (La Iaia).<\/h4>\n<p>El s\u00e1bado 28 tuvo lugar la clausura oficial por todo lo alto, con el p\u00fablico abarrontando la sala La Mirona.-<\/p>\n<p>As\u00ed como\u00a0para asistir a una jornada con varias actuaciones en formato festival que cont\u00f3 con varios platos fuertes.<\/p>\n<p>Adem\u00e1s del\u00a0como el concierto de Rufus T Firefly por primera vez en la ciudad.<\/p>\n<p>O\u00a0la \u00faltima actuaci\u00f3n de Ferran Palau antes de un par\u00f3n indefinido.<\/p>\n<p>Tambi\u00e9n tuvo la presentaci\u00f3n de \u00abHola Elefante\u00bb, el nuevo \u00e1lbum de XEBI SF, (director del festival).<\/p>\n<p>O\u00a0la esperada actuaci\u00f3n de G\u00e1ldrick, que present\u00f3 su debut \u00abLuz de Fondo\u00bb.<\/p>\n<p>El festival cierra su novena edici\u00f3n con un balance muy positivo y con la mirada puesta en la pr\u00f3xima.<\/p>\n<p>As\u00ed como\u00a0en la que cumplir\u00e1 su d\u00e9cimo aniversario y aqu\u00ed estaremos todos para celebrarlo.<\/p>\n<p>NEU! Festival pone el broche de oro a su novena edici\u00f3n<\/p>\n","protected":false},"excerpt":{"rendered":"<p>El pasado fin de semana el NEU! Festival finaliz\u00f3 su novena edici\u00f3n tras doce d\u00edas de programaci\u00f3n y un m\u00e1s de 3.000 asistentes. NEU! Festival: Durante su celebraci\u00f3n, han tenido lugar 24 actuaciones en un total de 13 salas, teatros y espacios p\u00fablicos de la ciudad de Girona. El festival clausur\u00f3 su edici\u00f3n con dos [&hellip;]<\/p>\n","protected":false},"author":1,"featured_media":12283,"comment_status":"open","ping_status":"closed","sticky":false,"template":"","format":"standard","meta":{"footnotes":""},"categories":[4],"tags":[],"class_list":["post-12281","post","type-post","status-publish","format-standard","has-post-thumbnail","hentry","category-espectaculos"],"_links":{"self":[{"href":"https:\/\/podernacional.com\/index.php?rest_route=\/wp\/v2\/posts\/12281","targetHints":{"allow":["GET"]}}],"collection":[{"href":"https:\/\/podernacional.com\/index.php?rest_route=\/wp\/v2\/posts"}],"about":[{"href":"https:\/\/podernacional.com\/index.php?rest_route=\/wp\/v2\/types\/post"}],"author":[{"embeddable":true,"href":"https:\/\/podernacional.com\/index.php?rest_route=\/wp\/v2\/users\/1"}],"replies":[{"embeddable":true,"href":"https:\/\/podernacional.com\/index.php?rest_route=%2Fwp%2Fv2%2Fcomments&post=12281"}],"version-history":[{"count":1,"href":"https:\/\/podernacional.com\/index.php?rest_route=\/wp\/v2\/posts\/12281\/revisions"}],"predecessor-version":[{"id":12282,"href":"https:\/\/podernacional.com\/index.php?rest_route=\/wp\/v2\/posts\/12281\/revisions\/12282"}],"wp:featuredmedia":[{"embeddable":true,"href":"https:\/\/podernacional.com\/index.php?rest_route=\/wp\/v2\/media\/12283"}],"wp:attachment":[{"href":"https:\/\/podernacional.com\/index.php?rest_route=%2Fwp%2Fv2%2Fmedia&parent=12281"}],"wp:term":[{"taxonomy":"category","embeddable":true,"href":"https:\/\/podernacional.com\/index.php?rest_route=%2Fwp%2Fv2%2Fcategories&post=12281"},{"taxonomy":"post_tag","embeddable":true,"href":"https:\/\/podernacional.com\/index.php?rest_route=%2Fwp%2Fv2%2Ftags&post=12281"}],"curies":[{"name":"wp","href":"https:\/\/api.w.org\/{rel}","templated":true}]}}