{"id":12284,"date":"2023-01-31T17:25:55","date_gmt":"2023-01-31T22:25:55","guid":{"rendered":"https:\/\/podernacional.com\/?p=12284"},"modified":"2023-01-31T22:25:56","modified_gmt":"2023-01-31T22:25:56","slug":"deportes-invertira-casi-diez-millones-en-levantar-nuevas-instalaciones","status":"publish","type":"post","link":"https:\/\/podernacional.com\/?p=12284","title":{"rendered":"Deportes invertir\u00e1 casi diez millones en levantar nuevas instalaciones"},"content":{"rendered":"<h4>Entre las obras figura una pista de atletismo municipal para dar respuesta a una demanda hist\u00f3rica San Jos\u00e9 y San Crist\u00f3bal tendr\u00e1n un parque deportivo<\/h4>\n<p>Deportes invertir\u00e1: Liga de escuelas municipales de f\u00fatbol 8 organizada por el Ayuntamiento de Las Palmas.Casi diez millones destinar\u00e1 Deportes este a\u00f1o a la construcci\u00f3n de nuevas instalaciones.<\/p>\n<p>La junta rectora del Instituto Municipal de Deportes (IMD) del Ayuntamiento de Las Palmas de Gran Canaria.<\/p>\n<p>La cual\u00a0ha aprobado el presupuesto de este organismo aut\u00f3nomo para 2023, que se eleva hasta 17.625.160,71 euros.<\/p>\n<p>Esto\u00a0una cuant\u00eda que supone un aumento del 7,26% con respecto a 2022 -16.328.360,71.<\/p>\n<p>As\u00ed como\u00a0un incremento del 393% de lo que se contabiliz\u00f3 en 2015, en este caso 4.484.453,12 euros.<\/p>\n<p>El concejal de Deportes, Aridany Romero, resalt\u00f3 la importancia de estas nuevas cuentas.<\/p>\n<p>\u00abCon este presupuesto se cierra un ciclo de ocho a\u00f1os en el que volvemos a superar las cifras de los \u00faltimos a\u00f1os.<\/p>\n<p>El cual ha\u00a0presentando una vez m\u00e1s el presupuesto m\u00e1s elevado en la historia de esta ciudad para promover la actividad f\u00edsica.<\/p>\n<h4>Adem\u00e1s del deporte en la ciudad\u00bb.<\/h4>\n<p>A juicio de Romero se trata de \u00abcifras que evidencian nuestra voluntad por invertir e impulsar pol\u00edticas p\u00fablicas de la actividad f\u00edsica.<\/p>\n<p>As\u00ed como del deporte, potenciando el deporte federado, la salud, los h\u00e1bitos saludables, la cohesi\u00f3n social.<\/p>\n<p>Adem\u00e1s del tejido deportivo de Las Palmas de Gran Canaria, increment\u00e1ndolo a niveles jam\u00e1s vistos antes en la ciudad\u00bb.<\/p>\n<p>\u00abLejos de recortar, como ya hicieron otros gobiernos en crisis econ\u00f3micas anteriores, nosotros hemos seguido consolidando la inversi\u00f3n.<\/p>\n<p>As\u00ed como estar, invirtiendo no solo en salud, sino tambi\u00e9n en cohesi\u00f3n social y en el bienestar de la ciudadan\u00eda.<\/p>\n<p>De hecho, hemos pasado de invertir once euros por ciudadano en materia deportiva en 2015 a los 46,53 euros por habitante actuales.<\/p>\n<p>Esto es\u00a0un claro ejemplo de la importancia que tiene esta materia\u00bb, explic\u00f3 el m\u00e1ximo responsable del IMD.<\/p>\n<p>Deportes invertir\u00e1 casi diez millones en levantar nuevas instalaciones<\/p>\n","protected":false},"excerpt":{"rendered":"<p>Entre las obras figura una pista de atletismo municipal para dar respuesta a una demanda hist\u00f3rica San Jos\u00e9 y San Crist\u00f3bal tendr\u00e1n un parque deportivo Deportes invertir\u00e1: Liga de escuelas municipales de f\u00fatbol 8 organizada por el Ayuntamiento de Las Palmas.Casi diez millones destinar\u00e1 Deportes este a\u00f1o a la construcci\u00f3n de nuevas instalaciones. La junta [&hellip;]<\/p>\n","protected":false},"author":1,"featured_media":12286,"comment_status":"open","ping_status":"closed","sticky":false,"template":"","format":"standard","meta":{"footnotes":""},"categories":[3],"tags":[],"class_list":["post-12284","post","type-post","status-publish","format-standard","has-post-thumbnail","hentry","category-deportes"],"_links":{"self":[{"href":"https:\/\/podernacional.com\/index.php?rest_route=\/wp\/v2\/posts\/12284","targetHints":{"allow":["GET"]}}],"collection":[{"href":"https:\/\/podernacional.com\/index.php?rest_route=\/wp\/v2\/posts"}],"about":[{"href":"https:\/\/podernacional.com\/index.php?rest_route=\/wp\/v2\/types\/post"}],"author":[{"embeddable":true,"href":"https:\/\/podernacional.com\/index.php?rest_route=\/wp\/v2\/users\/1"}],"replies":[{"embeddable":true,"href":"https:\/\/podernacional.com\/index.php?rest_route=%2Fwp%2Fv2%2Fcomments&post=12284"}],"version-history":[{"count":1,"href":"https:\/\/podernacional.com\/index.php?rest_route=\/wp\/v2\/posts\/12284\/revisions"}],"predecessor-version":[{"id":12285,"href":"https:\/\/podernacional.com\/index.php?rest_route=\/wp\/v2\/posts\/12284\/revisions\/12285"}],"wp:featuredmedia":[{"embeddable":true,"href":"https:\/\/podernacional.com\/index.php?rest_route=\/wp\/v2\/media\/12286"}],"wp:attachment":[{"href":"https:\/\/podernacional.com\/index.php?rest_route=%2Fwp%2Fv2%2Fmedia&parent=12284"}],"wp:term":[{"taxonomy":"category","embeddable":true,"href":"https:\/\/podernacional.com\/index.php?rest_route=%2Fwp%2Fv2%2Fcategories&post=12284"},{"taxonomy":"post_tag","embeddable":true,"href":"https:\/\/podernacional.com\/index.php?rest_route=%2Fwp%2Fv2%2Ftags&post=12284"}],"curies":[{"name":"wp","href":"https:\/\/api.w.org\/{rel}","templated":true}]}}