{"id":12287,"date":"2023-01-31T17:47:47","date_gmt":"2023-01-31T22:47:47","guid":{"rendered":"https:\/\/podernacional.com\/?p=12287"},"modified":"2023-01-31T22:47:48","modified_gmt":"2023-01-31T22:47:48","slug":"mexico-se-estanca-en-percepcion-de-la-corrupcion-transparencia-internacional","status":"publish","type":"post","link":"https:\/\/podernacional.com\/?p=12287","title":{"rendered":"M\u00e9xico se estanca en percepci\u00f3n de la corrupci\u00f3n: Transparencia Internacional"},"content":{"rendered":"<h4>M\u00e9xico permaneci\u00f3 estancado, por tercer a\u00f1o consecutivo, en materia de percepci\u00f3n de corrupci\u00f3n durante el 2022.<\/h4>\n<p>Percepci\u00f3n de la corrupci\u00f3n: As\u00ed lo dio a conocer la organizaci\u00f3n Transparencia Internacional.<\/p>\n<p>Seg\u00fan datos de la edici\u00f3n del \u00cdndice de Percepci\u00f3n de la Corrupci\u00f3n, nuestro pa\u00eds obtuvo 31 puntos.<\/p>\n<p>El cual es\u00a0\u2013donde 100 es la mejor calificaci\u00f3n y cero la peor\u2013.<\/p>\n<p>Por lo que se ubica en la posici\u00f3n 126 de 180 pa\u00edses que eval\u00faa la organizaci\u00f3n no gubernamental.<\/p>\n<p>El estudio tambi\u00e9n destac\u00f3 que M\u00e9xico sigue siendo el pa\u00eds con peor evaluaci\u00f3n de los 38 estados que conforman.<\/p>\n<p>La dicha\u00a0Organizaci\u00f3n para la Cooperaci\u00f3n y el Desarrollo Econ\u00f3micos.<\/p>\n<p>Adem\u00e1s del segundo peor evaluado \u2013s\u00f3lo delante de Rusia\u2013 entre los miembros del grupo del grupo de las veinte econom\u00edas m\u00e1s grandes del mundo (G20).<\/p>\n<p>En el \u00cdndice, M\u00e9xico obtuvo la misma calificaci\u00f3n que naciones como Bolivia, Laos y Uzbekist\u00e1n.<\/p>\n<p>Con la conseguida en 2022, el pa\u00eds se mantiene con la misma puntuaci\u00f3n por tercer a\u00f1o consecutivo.<\/p>\n<p>El organismo destac\u00f3 que, a pesar de que en el 2019 y 2020 se hab\u00edan aumentado los puntos obtenidos.<\/p>\n<p>Adem\u00e1s de\u00a0la calificaci\u00f3n del a\u00f1o pasado se mantuvo constante.<\/p>\n<p>Adem\u00e1s, el organismo se\u00f1al\u00f3 que los resultados obtenidos durante el 2019.<\/p>\n<p>As\u00ed como que\u00a02020 indicaban una tendencia positiva en lo que a control efectivo de corrupci\u00f3n se refiere.<\/p>\n<h4>Falta de sentencias, lastre<\/h4>\n<p>Sin embargo, la falta de sentencias firmes para los involucrados en delitos de corrupci\u00f3n como el caso Odebrecht, la Estafa Maestra.<\/p>\n<p>El cual\u00a0los vinculados con el caso Agronitrogenados de Petr\u00f3leos Mexicanos o en el caso Segalmex.<\/p>\n<p>Adem\u00e1s de que\u00a0pusieron en duda la capacidad que tiene la Fiscal\u00eda General de la Rep\u00fablica para combatir la corrupci\u00f3n.<\/p>\n<p>As\u00ed como\u00a0al llevar a los responsables a juicio.<\/p>\n<p>Por otro lado, el an\u00e1lisis que Transparencia Internacional y la oficina en M\u00e9xico de la organizaci\u00f3n hicieron sobre el tema.<\/p>\n<p>El cual\u00a0mostr\u00f3 que la sociedad mexicana identifica el problema de la corrupci\u00f3n como uno de los principales obst\u00e1culos para el desarrollo social.<\/p>\n<p>As\u00ed como de\u00a0la disminuci\u00f3n de las desigualdades.<\/p>\n","protected":false},"excerpt":{"rendered":"<p>M\u00e9xico permaneci\u00f3 estancado, por tercer a\u00f1o consecutivo, en materia de percepci\u00f3n de corrupci\u00f3n durante el 2022. Percepci\u00f3n de la corrupci\u00f3n: As\u00ed lo dio a conocer la organizaci\u00f3n Transparencia Internacional. Seg\u00fan datos de la edici\u00f3n del \u00cdndice de Percepci\u00f3n de la Corrupci\u00f3n, nuestro pa\u00eds obtuvo 31 puntos. El cual es\u00a0\u2013donde 100 es la mejor calificaci\u00f3n y [&hellip;]<\/p>\n","protected":false},"author":1,"featured_media":12289,"comment_status":"open","ping_status":"closed","sticky":false,"template":"","format":"standard","meta":{"footnotes":""},"categories":[5],"tags":[],"class_list":["post-12287","post","type-post","status-publish","format-standard","has-post-thumbnail","hentry","category-internacional"],"_links":{"self":[{"href":"https:\/\/podernacional.com\/index.php?rest_route=\/wp\/v2\/posts\/12287","targetHints":{"allow":["GET"]}}],"collection":[{"href":"https:\/\/podernacional.com\/index.php?rest_route=\/wp\/v2\/posts"}],"about":[{"href":"https:\/\/podernacional.com\/index.php?rest_route=\/wp\/v2\/types\/post"}],"author":[{"embeddable":true,"href":"https:\/\/podernacional.com\/index.php?rest_route=\/wp\/v2\/users\/1"}],"replies":[{"embeddable":true,"href":"https:\/\/podernacional.com\/index.php?rest_route=%2Fwp%2Fv2%2Fcomments&post=12287"}],"version-history":[{"count":1,"href":"https:\/\/podernacional.com\/index.php?rest_route=\/wp\/v2\/posts\/12287\/revisions"}],"predecessor-version":[{"id":12288,"href":"https:\/\/podernacional.com\/index.php?rest_route=\/wp\/v2\/posts\/12287\/revisions\/12288"}],"wp:featuredmedia":[{"embeddable":true,"href":"https:\/\/podernacional.com\/index.php?rest_route=\/wp\/v2\/media\/12289"}],"wp:attachment":[{"href":"https:\/\/podernacional.com\/index.php?rest_route=%2Fwp%2Fv2%2Fmedia&parent=12287"}],"wp:term":[{"taxonomy":"category","embeddable":true,"href":"https:\/\/podernacional.com\/index.php?rest_route=%2Fwp%2Fv2%2Fcategories&post=12287"},{"taxonomy":"post_tag","embeddable":true,"href":"https:\/\/podernacional.com\/index.php?rest_route=%2Fwp%2Fv2%2Ftags&post=12287"}],"curies":[{"name":"wp","href":"https:\/\/api.w.org\/{rel}","templated":true}]}}