{"id":12293,"date":"2023-01-31T17:58:07","date_gmt":"2023-01-31T22:58:07","guid":{"rendered":"https:\/\/podernacional.com\/?p=12293"},"modified":"2023-01-31T22:58:08","modified_gmt":"2023-01-31T22:58:08","slug":"papa-fancisco-emprende-su-viaje-internacional-numero-40","status":"publish","type":"post","link":"https:\/\/podernacional.com\/?p=12293","title":{"rendered":"Papa Fancisco emprende su viaje internacional n\u00famero 40"},"content":{"rendered":"<h4>La visita a Rep\u00fablica Democr\u00e1tica del Congo y Sud\u00e1n del Sur hab\u00eda sido aplazada principalmente debido al dolor de rodilla.<\/h4>\n<p><a href=\"https:\/\/whatsappmexico.com\/\">Papa<\/a> Fancisco: El cual padece el sumo pont\u00edfice de 86 a\u00f1os.<\/p>\n<p>El papa Francisco parti\u00f3 este martes (31.01.2023) rumbo a Rep\u00fablica Democr\u00e1tica del Congo (RDC) para una visita de cuatro d\u00edas.<\/p>\n<p>As\u00ed como de\u00a0la primera etapa de su quinto viaje a \u00c1frica, que lo llevar\u00e1 tambi\u00e9n a Sud\u00e1n del Sur.<\/p>\n<p>Inicialmente prevista para julio de 2022, la visita tuvo que ser aplazada por el dolor de rodilla que padece el sumo pont\u00edfice de 86 a\u00f1os.<\/p>\n<p>El cual fue\u00a0quien se desplaza en silla de ruedas.<\/p>\n<h4>As\u00ed como por los problemas de seguridad en Goma, en el noreste del pa\u00eds, etapa que fue cancelada.<\/h4>\n<p>El pont\u00edfice argentino desea para su 40 viaje internacional llevar un mensaje de paz y reconciliaci\u00f3n a este pa\u00eds azotado por la violencia.<\/p>\n<p>Adem\u00e1s de\u00a0la miseria y que es adem\u00e1s el mayor pa\u00eds cat\u00f3lico de ese continente<\/p>\n<p>En la RDC, con aproximadamente 100 millones de habitantes, de los cuales dos tercios viven con menos de 2,15 d\u00f3lares al d\u00eda.<\/p>\n<p>As\u00ed como del pont\u00edfice hablar\u00e1 \u00abde los enfrentamientos armados y la explotaci\u00f3n\u00bb que sufre la naci\u00f3n rica en recursos naturales, pero con una poblaci\u00f3n empobrecida.<\/p>\n<p>El pa\u00eds africano se enfrenta desde hace meses al resurgimiento del grupo armado M23.<\/p>\n<p>El cual\u00a0ha conquistado amplias franjas del territorio de Kivu del Norte, provincia fronteriza con Ruanda, al que el gobierno de RDC acusa de injerencia.<\/p>\n<p>Papa Fancisco emprende su viaje internacional n\u00famero 40<\/p>\n","protected":false},"excerpt":{"rendered":"<p>La visita a Rep\u00fablica Democr\u00e1tica del Congo y Sud\u00e1n del Sur hab\u00eda sido aplazada principalmente debido al dolor de rodilla. Papa Fancisco: El cual padece el sumo pont\u00edfice de 86 a\u00f1os. El papa Francisco parti\u00f3 este martes (31.01.2023) rumbo a Rep\u00fablica Democr\u00e1tica del Congo (RDC) para una visita de cuatro d\u00edas. As\u00ed como de\u00a0la primera [&hellip;]<\/p>\n","protected":false},"author":1,"featured_media":12295,"comment_status":"open","ping_status":"closed","sticky":false,"template":"","format":"standard","meta":{"footnotes":""},"categories":[5],"tags":[],"class_list":["post-12293","post","type-post","status-publish","format-standard","has-post-thumbnail","hentry","category-internacional"],"_links":{"self":[{"href":"https:\/\/podernacional.com\/index.php?rest_route=\/wp\/v2\/posts\/12293","targetHints":{"allow":["GET"]}}],"collection":[{"href":"https:\/\/podernacional.com\/index.php?rest_route=\/wp\/v2\/posts"}],"about":[{"href":"https:\/\/podernacional.com\/index.php?rest_route=\/wp\/v2\/types\/post"}],"author":[{"embeddable":true,"href":"https:\/\/podernacional.com\/index.php?rest_route=\/wp\/v2\/users\/1"}],"replies":[{"embeddable":true,"href":"https:\/\/podernacional.com\/index.php?rest_route=%2Fwp%2Fv2%2Fcomments&post=12293"}],"version-history":[{"count":1,"href":"https:\/\/podernacional.com\/index.php?rest_route=\/wp\/v2\/posts\/12293\/revisions"}],"predecessor-version":[{"id":12294,"href":"https:\/\/podernacional.com\/index.php?rest_route=\/wp\/v2\/posts\/12293\/revisions\/12294"}],"wp:featuredmedia":[{"embeddable":true,"href":"https:\/\/podernacional.com\/index.php?rest_route=\/wp\/v2\/media\/12295"}],"wp:attachment":[{"href":"https:\/\/podernacional.com\/index.php?rest_route=%2Fwp%2Fv2%2Fmedia&parent=12293"}],"wp:term":[{"taxonomy":"category","embeddable":true,"href":"https:\/\/podernacional.com\/index.php?rest_route=%2Fwp%2Fv2%2Fcategories&post=12293"},{"taxonomy":"post_tag","embeddable":true,"href":"https:\/\/podernacional.com\/index.php?rest_route=%2Fwp%2Fv2%2Ftags&post=12293"}],"curies":[{"name":"wp","href":"https:\/\/api.w.org\/{rel}","templated":true}]}}