{"id":12332,"date":"2023-02-01T19:55:26","date_gmt":"2023-02-02T00:55:26","guid":{"rendered":"https:\/\/podernacional.com\/?p=12332"},"modified":"2023-02-02T00:55:27","modified_gmt":"2023-02-02T00:55:27","slug":"economia-colombiana-creceria-menos-de-lo-esperado-segun-el-fondo-monetario-internacional","status":"publish","type":"post","link":"https:\/\/podernacional.com\/?p=12332","title":{"rendered":"Econom\u00eda colombiana crecer\u00eda menos de lo esperado seg\u00fan el Fondo Monetario Internacional"},"content":{"rendered":"<h4>El reajuste del FMI mostrar\u00eda un crecimiento menor al que se estimaba a finales del 2022. Algunas potencias mundiales ser\u00edan preponderantes para este \u201cfrenazo\u201d<\/h4>\n<p>Econom\u00eda colombiana: Fondo Monetario Internacional rectifica sus perspectivas econ\u00f3micas para Colombia en el 2023.<\/p>\n<p>El Fondo Monetario Internacional vuelve a presentar un informe con las perspectivas econ\u00f3micas mundiales.<\/p>\n<p>Esta sigue apuntando a que se presentar\u00eda una desaceleraci\u00f3n.<\/p>\n<p>Adem\u00e1s que los retos principales de la mayor\u00eda de las naciones se centrar\u00e1n en combatir la inflaci\u00f3n, reducir tasas de referencias.<\/p>\n<p>Adem\u00e1s, alerta sobre algunos factores internacionales como por ejemplo: la reapertura en China, o las implicaciones derivadas del conflicto entre Rusia y Ucrania.<\/p>\n<p>En este sentido avizoran un frenazo en el crecimiento general, pero en Latinoam\u00e9rica hicieron un reajuste a sus previsiones.<\/p>\n<p>En esta revisi\u00f3n, Colombia perdi\u00f3 cerca de un punto porcentual en su tendencia.<\/p>\n<p>Los ternados para la presidencia de Ecopetrol. Dos conocidos de Gustavo Petro ser\u00edan los candidatos para remplazar.<\/p>\n<p>Esto\u00a0a Felipe Bay\u00f3n. Sa\u00fal Kattan y Ricardo Roa est\u00e1n en el sonajero.<\/p>\n<h4>La transici\u00f3n energ\u00e9tica ser\u00e1 el reto principal del nuevo presidente de Ecopetrol<\/h4>\n<p>Los ternados para suceder a Felipe Bay\u00f3n ser\u00edan cercanos al presidente Gustavo Petro. Sa\u00fal Kattan y Ricardo Roa est\u00e1n en el sonajero<\/p>\n<p>Las \u00faltimas proyecciones estiman que a nivel mundial el crecimiento este sobre el 2,9%.<\/p>\n<p>Esto representa una ca\u00edda de 0,5 puntos porcentuales. De hecho, ya s\u00e9 aventuran para lo que ser\u00e1 el 2024.<\/p>\n<p>Adem\u00e1s de\u00a0que seg\u00fan los n\u00fameros presentados, ser\u00eda el a\u00f1o donde realmente hay un aumento, o en otras palabras vuelva el crecimiento.<\/p>\n<p>As\u00ed como\u00a0con una cifra para el Producto Interno Bruto sobre el 3,1 por ciento<\/p>\n<p>Partiendo de las estimaciones a las principales naciones, est\u00e1s ser\u00edan las que mostrar\u00edan unas bajas m\u00e1s sensibles.<\/p>\n<p>Adem\u00e1s que\u00a0por ejemplo, en la Uni\u00f3n Europea, el descenso para este a\u00f1o estar\u00eda sobre el 2,8%, lo que significa un crecimiento del 0,7%.<\/p>\n<p>Al igual que la condici\u00f3n similar qu\u00e9 ocurrir\u00eda por ejemplo en los Estados Unidos.<\/p>\n<p>Lugar en\u00a0d\u00f3nde la ca\u00edda no es tan dr\u00e1stica, 0,6 puntos porcentuales, pero qu\u00e9 marca una desaceleraci\u00f3n.<\/p>\n<p>Econom\u00eda colombiana crecer\u00eda menos de lo esperado<\/p>\n","protected":false},"excerpt":{"rendered":"<p>El reajuste del FMI mostrar\u00eda un crecimiento menor al que se estimaba a finales del 2022. Algunas potencias mundiales ser\u00edan preponderantes para este \u201cfrenazo\u201d Econom\u00eda colombiana: Fondo Monetario Internacional rectifica sus perspectivas econ\u00f3micas para Colombia en el 2023. El Fondo Monetario Internacional vuelve a presentar un informe con las perspectivas econ\u00f3micas mundiales. Esta sigue apuntando [&hellip;]<\/p>\n","protected":false},"author":1,"featured_media":12334,"comment_status":"open","ping_status":"closed","sticky":false,"template":"","format":"standard","meta":{"footnotes":""},"categories":[9],"tags":[],"class_list":["post-12332","post","type-post","status-publish","format-standard","has-post-thumbnail","hentry","category-politica"],"_links":{"self":[{"href":"https:\/\/podernacional.com\/index.php?rest_route=\/wp\/v2\/posts\/12332","targetHints":{"allow":["GET"]}}],"collection":[{"href":"https:\/\/podernacional.com\/index.php?rest_route=\/wp\/v2\/posts"}],"about":[{"href":"https:\/\/podernacional.com\/index.php?rest_route=\/wp\/v2\/types\/post"}],"author":[{"embeddable":true,"href":"https:\/\/podernacional.com\/index.php?rest_route=\/wp\/v2\/users\/1"}],"replies":[{"embeddable":true,"href":"https:\/\/podernacional.com\/index.php?rest_route=%2Fwp%2Fv2%2Fcomments&post=12332"}],"version-history":[{"count":1,"href":"https:\/\/podernacional.com\/index.php?rest_route=\/wp\/v2\/posts\/12332\/revisions"}],"predecessor-version":[{"id":12333,"href":"https:\/\/podernacional.com\/index.php?rest_route=\/wp\/v2\/posts\/12332\/revisions\/12333"}],"wp:featuredmedia":[{"embeddable":true,"href":"https:\/\/podernacional.com\/index.php?rest_route=\/wp\/v2\/media\/12334"}],"wp:attachment":[{"href":"https:\/\/podernacional.com\/index.php?rest_route=%2Fwp%2Fv2%2Fmedia&parent=12332"}],"wp:term":[{"taxonomy":"category","embeddable":true,"href":"https:\/\/podernacional.com\/index.php?rest_route=%2Fwp%2Fv2%2Fcategories&post=12332"},{"taxonomy":"post_tag","embeddable":true,"href":"https:\/\/podernacional.com\/index.php?rest_route=%2Fwp%2Fv2%2Ftags&post=12332"}],"curies":[{"name":"wp","href":"https:\/\/api.w.org\/{rel}","templated":true}]}}