{"id":12335,"date":"2023-02-01T19:59:30","date_gmt":"2023-02-02T00:59:30","guid":{"rendered":"https:\/\/podernacional.com\/?p=12335"},"modified":"2023-02-02T00:59:31","modified_gmt":"2023-02-02T00:59:31","slug":"fms-internacional-2022-conoce-donde-cuando-y-como-sera-el-fomato-de-clasificacion-para-la-gran-final","status":"publish","type":"post","link":"https:\/\/podernacional.com\/?p=12335","title":{"rendered":"FMS Internacional 2022: conoce d\u00f3nde, cu\u00e1ndo y c\u00f3mo ser\u00e1 el fomato de clasificaci\u00f3n para la gran final"},"content":{"rendered":"<h4>\u00bfGazir luchar\u00e1 por el bicampeonato o habr\u00e1 nuevo campe\u00f3n? Conoce los detalles de la gran final de la FMS Internacional 2022 que trae muchas novedades.<\/h4>\n<p><a href=\"https:\/\/whatsappmexico.com\/?p=11835\">FMS<\/a> Internacional 2022: Falta un poco m\u00e1s de un mes y medio para que celebrar la tercera Final Internacional de FMS.<\/p>\n<p>Jaze es el primer freestyler en firmar contrato con Sony Music Per\u00fa<\/p>\n<p>La final de la FMS Internacional 2022 ya tiene sede. Despu\u00e9s de varios meses de incertidumbre.<\/p>\n<p>Con esto, Urban Roosters revel\u00f3 que el pa\u00eds cafetero albergar\u00e1 a los mejores freestylers de cada liga.<\/p>\n<p>Si bien a\u00fan faltar algunas fechas para definir a todos los clasificados, la organizaci\u00f3n ha ido lanzando m\u00e1s detalles sobre lo que ser\u00e1 este encuentro.<\/p>\n<p>Conoce d\u00f3nde, cu\u00e1ndo y c\u00f3mo ser\u00e1 el formato de la gran final de la FMS Internacional 2022.<\/p>\n<p>Lugar en donde Gazir, el frestyler espa\u00f1ol y \u00faltimo campe\u00f3n, luchar\u00e1 por conservar su trono.<\/p>\n<h4>\u00bfD\u00f3nde y cu\u00e1ndo ser\u00e1 la final de la FMS Internacional 2022?<\/h4>\n<p>La Gran Carpa de las Am\u00e9ricas, local ubicado en la ciudad de Bogot\u00e1, Colombia.<\/p>\n<p>Al igual de que\u00a0recibir\u00e1 a los MCs de cada liga nacional los d\u00edas 11 y 12 de marzo.<\/p>\n<p>La primera fecha ser\u00e1n los play offs y la segunda, ser\u00e1 la final.<\/p>\n<h4>\u00bfC\u00f3mo es el formato de clasificaci\u00f3n?<\/h4>\n<p>Al finalizar cada temporada, clasificar\u00e1n los dos primeros puestos de cada liga sin contar los que ya pasaron en el primer corte.<\/p>\n<p>Este es uno de los grandes cambios ya que, anteriormente, pasaban cuatro.<\/p>\n<p>11 de marzo: Habr\u00e1 12 batallas que se enfrentar\u00e1n 1vs1.<\/p>\n<p>Los 24 freestylers ser\u00e1n los 12 ganadores del primer corte m\u00e1s los 12 clasificados del segundo.<\/p>\n<p>Los 12 ganadores se clasificar\u00e1n para la gran final. El mismo d\u00eda, los 12 perdedores tendr\u00e1n una \u00faltima oportunidad.<\/p>\n<p>Adem\u00e1s de que\u00a0se enfrentar\u00e1n entre ellos y finalmente tres pasar\u00e1n a la gran final de la FMS Internacional 2022.<\/p>\n","protected":false},"excerpt":{"rendered":"<p>\u00bfGazir luchar\u00e1 por el bicampeonato o habr\u00e1 nuevo campe\u00f3n? Conoce los detalles de la gran final de la FMS Internacional 2022 que trae muchas novedades. FMS Internacional 2022: Falta un poco m\u00e1s de un mes y medio para que celebrar la tercera Final Internacional de FMS. Jaze es el primer freestyler en firmar contrato con [&hellip;]<\/p>\n","protected":false},"author":1,"featured_media":12337,"comment_status":"open","ping_status":"closed","sticky":false,"template":"","format":"standard","meta":{"footnotes":""},"categories":[5],"tags":[],"class_list":["post-12335","post","type-post","status-publish","format-standard","has-post-thumbnail","hentry","category-internacional"],"_links":{"self":[{"href":"https:\/\/podernacional.com\/index.php?rest_route=\/wp\/v2\/posts\/12335","targetHints":{"allow":["GET"]}}],"collection":[{"href":"https:\/\/podernacional.com\/index.php?rest_route=\/wp\/v2\/posts"}],"about":[{"href":"https:\/\/podernacional.com\/index.php?rest_route=\/wp\/v2\/types\/post"}],"author":[{"embeddable":true,"href":"https:\/\/podernacional.com\/index.php?rest_route=\/wp\/v2\/users\/1"}],"replies":[{"embeddable":true,"href":"https:\/\/podernacional.com\/index.php?rest_route=%2Fwp%2Fv2%2Fcomments&post=12335"}],"version-history":[{"count":1,"href":"https:\/\/podernacional.com\/index.php?rest_route=\/wp\/v2\/posts\/12335\/revisions"}],"predecessor-version":[{"id":12336,"href":"https:\/\/podernacional.com\/index.php?rest_route=\/wp\/v2\/posts\/12335\/revisions\/12336"}],"wp:featuredmedia":[{"embeddable":true,"href":"https:\/\/podernacional.com\/index.php?rest_route=\/wp\/v2\/media\/12337"}],"wp:attachment":[{"href":"https:\/\/podernacional.com\/index.php?rest_route=%2Fwp%2Fv2%2Fmedia&parent=12335"}],"wp:term":[{"taxonomy":"category","embeddable":true,"href":"https:\/\/podernacional.com\/index.php?rest_route=%2Fwp%2Fv2%2Fcategories&post=12335"},{"taxonomy":"post_tag","embeddable":true,"href":"https:\/\/podernacional.com\/index.php?rest_route=%2Fwp%2Fv2%2Ftags&post=12335"}],"curies":[{"name":"wp","href":"https:\/\/api.w.org\/{rel}","templated":true}]}}