{"id":12378,"date":"2023-02-02T16:42:23","date_gmt":"2023-02-02T21:42:23","guid":{"rendered":"https:\/\/podernacional.com\/?p=12378"},"modified":"2023-02-02T21:42:25","modified_gmt":"2023-02-02T21:42:25","slug":"el-defensa-frances-varane-se-retira-del-futbol-internacional","status":"publish","type":"post","link":"https:\/\/podernacional.com\/?p=12378","title":{"rendered":"El defensa franc\u00e9s Varane se retira del f\u00fatbol internacional"},"content":{"rendered":"<h4>El defensa franc\u00e9s Raphael Varane anunci\u00f3 su retirada del f\u00fatbol internacional, poniendo fin a una carrera de 10 a\u00f1os con \u00abLes Bleus\u00bb.<\/h4>\n<p>El defensa franc\u00e9s Varane: Esto adem\u00e1s que en la que gan\u00f3 el Mundial de 2018 y fue subcampe\u00f3n cuatro a\u00f1os despu\u00e9s.<\/p>\n<p>El jugador, de 29 a\u00f1os, suma 93 internacionalidades tras debutar en 2013.<\/p>\n<p>Al igual de que tambi\u00e9n ayud\u00f3 al equipo del seleccionador Didier Deschamps a ganar la UEFA Nations League en la temporada 2020-21.<\/p>\n<p>\u00abRepresentar a nuestro hermoso pa\u00eds durante una d\u00e9cada ha sido uno de los mayores honores de mi vida\u00bb, dijo Varane en un comunicado.<\/p>\n<p>\u00abCada vez que me pon\u00eda esa camiseta azul tan especial sent\u00eda un inmenso orgullo, el deber de darlo todo, de jugar con el coraz\u00f3n\u201d.<\/p>\n<p>\u201cAs\u00ed como de ganar cada vez que salt\u00e1bamos al campo\u00bb, se\u00f1al\u00f3.<\/p>\n<h4>\u00abLo he estado pensando durante varios meses y he decidido que es el momento adecuado para retirarme del f\u00fatbol internacional\u00bb.<\/h4>\n<p>El defensa del Manchester United ayud\u00f3 a Francia a alcanzar su segunda final consecutiva de la Copa del Mundo el a\u00f1o pasado en Qatar.<\/p>\n<p>Lugar\u00a0donde cay\u00f3 derrotada por Argentina en la tanda de penales.<\/p>\n<p>La decisi\u00f3n de Varane se produce unas semanas despu\u00e9s de que el portero y capit\u00e1n de la selecci\u00f3n francesa, Hugo Lloris.<\/p>\n<p>As\u00ed como de que\u00a0anunciara su retirada del f\u00fatbol internacional a los 36 a\u00f1os.<\/p>\n<p>El defensa a\u00f1adi\u00f3 que hab\u00eda llegado el momento de que un \u00abgrupo de j\u00f3venes talentos\u00bb asuma el relevo.<\/p>\n<p>\u00abRaphael me llam\u00f3 hace unos d\u00edas para explicarme que quer\u00eda poner fin a su carrera internacional.<\/p>\n<p>Es un chico inteligente que sabe tomarse su tiempo para pensarlo y sopesar los pros y los contras antes de decidirse\u00bb, declar\u00f3 Deschamps.<\/p>\n<p>\u00abRaphael cree que ha llegado al final de su aventura con la selecci\u00f3n francesa.<\/p>\n<p>He estado en una situaci\u00f3n parecida a la suya, comprendo sus argumentos y respeto su decisi\u00f3n\u00bb,\u00a0coment\u00f3.<\/p>\n<p>\u00abAhora que nuestros caminos se separan, quer\u00eda rendir homenaje a su honestidad, a su compromiso inquebrantable con la camiseta azul\u201d.<\/p>\n<p>\u201cRaphael ha desempe\u00f1ado un papel fundamental dentro y fuera del campo durante la \u00faltima d\u00e9cada\u00bb, agreg\u00f3.<\/p>\n<p>&nbsp;<\/p>\n","protected":false},"excerpt":{"rendered":"<p>El defensa franc\u00e9s Raphael Varane anunci\u00f3 su retirada del f\u00fatbol internacional, poniendo fin a una carrera de 10 a\u00f1os con \u00abLes Bleus\u00bb. El defensa franc\u00e9s Varane: Esto adem\u00e1s que en la que gan\u00f3 el Mundial de 2018 y fue subcampe\u00f3n cuatro a\u00f1os despu\u00e9s. El jugador, de 29 a\u00f1os, suma 93 internacionalidades tras debutar en 2013. [&hellip;]<\/p>\n","protected":false},"author":1,"featured_media":12380,"comment_status":"open","ping_status":"closed","sticky":false,"template":"","format":"standard","meta":{"footnotes":""},"categories":[5],"tags":[],"class_list":["post-12378","post","type-post","status-publish","format-standard","has-post-thumbnail","hentry","category-internacional"],"_links":{"self":[{"href":"https:\/\/podernacional.com\/index.php?rest_route=\/wp\/v2\/posts\/12378","targetHints":{"allow":["GET"]}}],"collection":[{"href":"https:\/\/podernacional.com\/index.php?rest_route=\/wp\/v2\/posts"}],"about":[{"href":"https:\/\/podernacional.com\/index.php?rest_route=\/wp\/v2\/types\/post"}],"author":[{"embeddable":true,"href":"https:\/\/podernacional.com\/index.php?rest_route=\/wp\/v2\/users\/1"}],"replies":[{"embeddable":true,"href":"https:\/\/podernacional.com\/index.php?rest_route=%2Fwp%2Fv2%2Fcomments&post=12378"}],"version-history":[{"count":1,"href":"https:\/\/podernacional.com\/index.php?rest_route=\/wp\/v2\/posts\/12378\/revisions"}],"predecessor-version":[{"id":12379,"href":"https:\/\/podernacional.com\/index.php?rest_route=\/wp\/v2\/posts\/12378\/revisions\/12379"}],"wp:featuredmedia":[{"embeddable":true,"href":"https:\/\/podernacional.com\/index.php?rest_route=\/wp\/v2\/media\/12380"}],"wp:attachment":[{"href":"https:\/\/podernacional.com\/index.php?rest_route=%2Fwp%2Fv2%2Fmedia&parent=12378"}],"wp:term":[{"taxonomy":"category","embeddable":true,"href":"https:\/\/podernacional.com\/index.php?rest_route=%2Fwp%2Fv2%2Fcategories&post=12378"},{"taxonomy":"post_tag","embeddable":true,"href":"https:\/\/podernacional.com\/index.php?rest_route=%2Fwp%2Fv2%2Ftags&post=12378"}],"curies":[{"name":"wp","href":"https:\/\/api.w.org\/{rel}","templated":true}]}}