{"id":12387,"date":"2023-02-03T16:45:45","date_gmt":"2023-02-03T21:45:45","guid":{"rendered":"https:\/\/podernacional.com\/?p=12387"},"modified":"2023-02-03T21:45:48","modified_gmt":"2023-02-03T21:45:48","slug":"el-festival-de-luz-llum-bcn-se-centra-en-la-crisis-climatica-en-el-poblenou-de-barcelona","status":"publish","type":"post","link":"https:\/\/podernacional.com\/?p=12387","title":{"rendered":"El festival de luz Llum BCN se centra en la crisis clim\u00e1tica en el Poblenou de Barcelona"},"content":{"rendered":"<h4>Las instalaciones lum\u00ednicas que se pueden ver desde este viernes son obra de 15 escuelas de dise\u00f1o y 13 artistas<\/h4>\n<p>El <a href=\"https:\/\/whatsappmexico.com\/\">festival<\/a> de luz Llum BCN: Un hombre coloca luces en una muestra de la presentaci\u00f3n del Festival Llum BCN 2023, en Barcelona.<\/p>\n<p>El Festival Llum BCN vuelve este viernes al Poblenou de Barcelona focalizado en homenajear el espacio p\u00fablico como \u201caglutinador de comunidad\u201d.<\/p>\n<p>La reflexi\u00f3n sobre la crisis clim\u00e1tica estar\u00e1 presente en las m\u00e1s de 30 instalaciones art\u00edsticas repartidas a lo largo del barrio.<\/p>\n<p>El cual\u00a0se podr\u00e1n ver hasta el domingo. El presupuesto del festival, al que el a\u00f1o pasado acudieron 110.000 visitantes.<\/p>\n<p>Adem\u00e1s que\u00a0es de 1,1 millones de euros entre financiaci\u00f3n p\u00fablica y privada.<\/p>\n<p>Este primer fin de semana de febrero la ciudad se llenar\u00e1 de \u201carte y luz\u201d.<\/p>\n<p>As\u00ed lo anunci\u00f3 Jordi Mart\u00ed, teniente de alcalde y director del \u00e1rea de cultura en la presentaci\u00f3n.<\/p>\n<p>Llum BCN cuenta con la participaci\u00f3n de 15 escuelas de dise\u00f1o y arte de Barcelona -como BAU, Escola Massana y Elisava-.<\/p>\n<h4>Al igual que\u00a0de 13 artistas nacionales e internacionales.<\/h4>\n<p>El cartel de esta edici\u00f3n, obra del ilustrador Borja Acosta de Vizca\u00edno, hace referencia a la Exposici\u00f3n Universal de 1929 de Barcelona:<\/p>\n<p>El cual pretende ser \u201cuna mirada atr\u00e1s, a la tradici\u00f3n y vinculaci\u00f3n con esta cita de arte y espect\u00e1culo p\u00fablico que hubo en el siglo pasado\u201d.<\/p>\n<p>El festival cuenta con el patrocinio principal de Yamaha, empresa que ha creado dos workshops.<\/p>\n<p>Esto\u00a0para que los m\u00e1s de cien alumnos de las escuelas participantes trabajen en sus proyectos.<\/p>\n<p>As\u00ed como\u00a0de Fira ISE, como patrocinador oficial, en una apuesta por la innovaci\u00f3n tecnol\u00f3gica.<\/p>\n<p>El festival de luz Llum BCN se centra en la crisis clim\u00e1tica en el Poblenou<\/p>\n","protected":false},"excerpt":{"rendered":"<p>Las instalaciones lum\u00ednicas que se pueden ver desde este viernes son obra de 15 escuelas de dise\u00f1o y 13 artistas El festival de luz Llum BCN: Un hombre coloca luces en una muestra de la presentaci\u00f3n del Festival Llum BCN 2023, en Barcelona. El Festival Llum BCN vuelve este viernes al Poblenou de Barcelona focalizado [&hellip;]<\/p>\n","protected":false},"author":1,"featured_media":12389,"comment_status":"open","ping_status":"closed","sticky":false,"template":"","format":"standard","meta":{"footnotes":""},"categories":[2],"tags":[],"class_list":["post-12387","post","type-post","status-publish","format-standard","has-post-thumbnail","hentry","category-cultural"],"_links":{"self":[{"href":"https:\/\/podernacional.com\/index.php?rest_route=\/wp\/v2\/posts\/12387","targetHints":{"allow":["GET"]}}],"collection":[{"href":"https:\/\/podernacional.com\/index.php?rest_route=\/wp\/v2\/posts"}],"about":[{"href":"https:\/\/podernacional.com\/index.php?rest_route=\/wp\/v2\/types\/post"}],"author":[{"embeddable":true,"href":"https:\/\/podernacional.com\/index.php?rest_route=\/wp\/v2\/users\/1"}],"replies":[{"embeddable":true,"href":"https:\/\/podernacional.com\/index.php?rest_route=%2Fwp%2Fv2%2Fcomments&post=12387"}],"version-history":[{"count":1,"href":"https:\/\/podernacional.com\/index.php?rest_route=\/wp\/v2\/posts\/12387\/revisions"}],"predecessor-version":[{"id":12388,"href":"https:\/\/podernacional.com\/index.php?rest_route=\/wp\/v2\/posts\/12387\/revisions\/12388"}],"wp:featuredmedia":[{"embeddable":true,"href":"https:\/\/podernacional.com\/index.php?rest_route=\/wp\/v2\/media\/12389"}],"wp:attachment":[{"href":"https:\/\/podernacional.com\/index.php?rest_route=%2Fwp%2Fv2%2Fmedia&parent=12387"}],"wp:term":[{"taxonomy":"category","embeddable":true,"href":"https:\/\/podernacional.com\/index.php?rest_route=%2Fwp%2Fv2%2Fcategories&post=12387"},{"taxonomy":"post_tag","embeddable":true,"href":"https:\/\/podernacional.com\/index.php?rest_route=%2Fwp%2Fv2%2Ftags&post=12387"}],"curies":[{"name":"wp","href":"https:\/\/api.w.org\/{rel}","templated":true}]}}