{"id":12390,"date":"2023-02-03T16:55:16","date_gmt":"2023-02-03T21:55:16","guid":{"rendered":"https:\/\/podernacional.com\/?p=12390"},"modified":"2023-02-03T21:55:17","modified_gmt":"2023-02-03T21:55:17","slug":"festival-latino-suenos-en-chicago-recibira-al-mexicano-junior-h","status":"publish","type":"post","link":"https:\/\/podernacional.com\/?p=12390","title":{"rendered":"Festival Latino Sue\u00f1os en Chicago recibir\u00e1 al mexicano Junior H"},"content":{"rendered":"<h4>Junior H realiz\u00f3 una gira en el pa\u00eds exitosa.<\/h4>\n<p>Festival Latino Sue\u00f1os: Luego del tan exitoso \u201cSad Boyz 4 Life-US Tour\u201d, que fue a lo grande por estar en escena en 16 conciertos con taquilla agotada.<\/p>\n<p>Adem\u00e1s que\u00a0el cantante y autor mexicano Junior H ser\u00e1 recibido en el Festival Latino Sue\u00f1os en Chicago, Illinois.<\/p>\n<p>La presencia del joven, quien en la categor\u00eda Artista Revelaci\u00f3n Del A\u00f1o \u2013 Regional Mexicano se encuentra nominado.<\/p>\n<p>Esto\u00a0justamente en la trig\u00e9sima quinta entrega del Premio Lo Nuestro, fue dada a conocer por la organizaci\u00f3n del magno evento.<\/p>\n<p>\u201cLa propuesta cada vez m\u00e1s s\u00f3lida de este joven artista mexicano, quien en pocas semanas\u201d.<\/p>\n<p>\u201cAdem\u00e1s que\u00a0tambi\u00e9n comenzar\u00e1 una gira de conciertos por varias ciudades de su pa\u00eds natal\u201d, se disfrutar\u00e1 en la tarima de los Sue\u00f1os.<\/p>\n<h4>Junior H impondr\u00e1 estilo en el Festival Latino Sue\u00f1os en Chicago<\/h4>\n<p>El estilo de Junior H se impondr\u00e1 en el festival, donde el tema musical \u201cMi Vida En Un Cigarro 2\u2033.<\/p>\n<p>Adem\u00e1s de\u00a0que cuenta con m\u00e1s de 427 millones de reproducciones, cautivar\u00e1 a los asistentes.<\/p>\n<p>A la par, dejar\u00e1 at\u00f3nito a m\u00e1s de uno porque la canci\u00f3n que acumula al menos 88 millones de reproducciones.<\/p>\n<p>El cual es\u00a0conocida como \u201cContingente\u201d, se escuchar\u00e1 en todo el recinto.<\/p>\n<p>Sin duda, el reconocido talento revelaci\u00f3n del a\u00f1o anterior en la m\u00fasica mexicana sorprender\u00e1 a m\u00e1s de uno con sus \u00e9xitos cosechados.<\/p>\n<p>Esto\u00a0en la categor\u00eda de Mejor \u00c1lbum Regional Mexicano fue nominada \u201cMi Vida En Un Cigarro 2\u2033, en los Billboard Latin Music Awards 2022.<\/p>\n<h4>Fecha del evento<\/h4>\n<p>Conforme a lo manifestado por los organizadores, los d\u00edas s\u00e1bado 27 y domingo 28 de mayo, respectivamente.<\/p>\n<p>Esto\u00a0durante el fin de semana del Memorial Day, se realizar\u00e1 la actividad en vivo en el Grant Park de Chicago.<\/p>\n<p>En la edici\u00f3n 2023 de Sue\u00f1os estar\u00e1n presentes varias figuras latinas del regional mexicano, g\u00e9neros urbano, mexicano urbano.<\/p>\n<p>Eladio Carri\u00f3n, Wisin y Yandel, Becky G, Grupo Firme, Feid y Nicky Jam son algunos de los artistas se\u00f1alados.<\/p>\n<p>La potencia de la m\u00fasica mexicana urbana, Junior H, llegar\u00e1 al evento majestuos.<\/p>\n<p>As\u00ed mismos\u00a0que el a\u00f1o pasado qued\u00f3 en manos de Fuerza Regida, Rancho Humilde y Natanael Cano<\/p>\n","protected":false},"excerpt":{"rendered":"<p>Junior H realiz\u00f3 una gira en el pa\u00eds exitosa. Festival Latino Sue\u00f1os: Luego del tan exitoso \u201cSad Boyz 4 Life-US Tour\u201d, que fue a lo grande por estar en escena en 16 conciertos con taquilla agotada. Adem\u00e1s que\u00a0el cantante y autor mexicano Junior H ser\u00e1 recibido en el Festival Latino Sue\u00f1os en Chicago, Illinois. La [&hellip;]<\/p>\n","protected":false},"author":1,"featured_media":12392,"comment_status":"open","ping_status":"closed","sticky":false,"template":"","format":"standard","meta":{"footnotes":""},"categories":[4],"tags":[],"class_list":["post-12390","post","type-post","status-publish","format-standard","has-post-thumbnail","hentry","category-espectaculos"],"_links":{"self":[{"href":"https:\/\/podernacional.com\/index.php?rest_route=\/wp\/v2\/posts\/12390","targetHints":{"allow":["GET"]}}],"collection":[{"href":"https:\/\/podernacional.com\/index.php?rest_route=\/wp\/v2\/posts"}],"about":[{"href":"https:\/\/podernacional.com\/index.php?rest_route=\/wp\/v2\/types\/post"}],"author":[{"embeddable":true,"href":"https:\/\/podernacional.com\/index.php?rest_route=\/wp\/v2\/users\/1"}],"replies":[{"embeddable":true,"href":"https:\/\/podernacional.com\/index.php?rest_route=%2Fwp%2Fv2%2Fcomments&post=12390"}],"version-history":[{"count":1,"href":"https:\/\/podernacional.com\/index.php?rest_route=\/wp\/v2\/posts\/12390\/revisions"}],"predecessor-version":[{"id":12391,"href":"https:\/\/podernacional.com\/index.php?rest_route=\/wp\/v2\/posts\/12390\/revisions\/12391"}],"wp:featuredmedia":[{"embeddable":true,"href":"https:\/\/podernacional.com\/index.php?rest_route=\/wp\/v2\/media\/12392"}],"wp:attachment":[{"href":"https:\/\/podernacional.com\/index.php?rest_route=%2Fwp%2Fv2%2Fmedia&parent=12390"}],"wp:term":[{"taxonomy":"category","embeddable":true,"href":"https:\/\/podernacional.com\/index.php?rest_route=%2Fwp%2Fv2%2Fcategories&post=12390"},{"taxonomy":"post_tag","embeddable":true,"href":"https:\/\/podernacional.com\/index.php?rest_route=%2Fwp%2Fv2%2Ftags&post=12390"}],"curies":[{"name":"wp","href":"https:\/\/api.w.org\/{rel}","templated":true}]}}